{"id":1213,"date":"2024-05-17T08:34:16","date_gmt":"2024-05-17T08:34:16","guid":{"rendered":"https:\/\/core-way.de\/?p=1213"},"modified":"2025-09-04T14:36:19","modified_gmt":"2025-09-04T14:36:19","slug":"therapie-colitis-ulcerosa","status":"publish","type":"post","link":"https:\/\/core-way.de\/pt\/therapie-colitis-ulcerosa\/","title":{"rendered":"Terapia para a colite ulcerosa - abordagens de tratamento actuais baseadas na diretriz S3"},"content":{"rendered":"<div class=\"wp-block-uagb-container uagb-block-38a2ac90 alignfull uagb-is-root-container\"><div class=\"uagb-container-inner-blocks-wrap\">\t\t\t\t<div class=\"wp-block-uagb-table-of-contents uagb-toc__align-left uagb-toc__columns-1 uagb-toc__collapse uagb-block-cc95c2ca\"\n\t\t\t\t\tdata-scroll= \"1\"\n\t\t\t\t\tdata-offset= \"30\"\n\t\t\t\t\tstyle=\"\"\n\t\t\t\t>\n\t\t\t\t<div class=\"uagb-toc__wrap\">\n\t\t\t\t\t\t<div class=\"uagb-toc__title\">\n\t\t\t\t\t\t\t\u00cdndice\t\t\t\t\t\t\t\t\t\t\t\t\t<svg xmlns=\"https:\/\/www.w3.org\/2000\/svg\" viewbox= \"0 0 384 512\"><path d=\"M192 384c-8.188 0-16.38-3.125-22.62-9.375l-160-160c-12.5-12.5-12.5-32.75 0-45.25s32.75-12.5 45.25 0L192 306.8l137.4-137.4c12.5-12.5 32.75-12.5 45.25 0s12.5 32.75 0 45.25l-160 160C208.4 380.9 200.2 384 192 384z\"><\/path><\/svg>\n\t\t\t\t\t\t\t\t\t\t\t\t\t\t\t\t\t\t\t<\/div>\n\t\t\t\t\t\t\t\t\t\t\t\t\t\t\t\t\t\t\t\t\t\t<div class=\"uagb-toc__list-wrap\">\n\t\t\t\t\t\t<ol class=\"uagb-toc__list\"><li class=\"uagb-toc__list\"><a href=\"#was-ist-das-ziel-der-therapie-bei-colitis-ulcerosa\" class=\"uagb-toc-link__trigger\">Qual \u00e9 o objetivo do tratamento da colite ulcerosa?<\/a><li class=\"uagb-toc__list\"><a href=\"#welche-faktoren-beeinflussen-die-therapieentscheidung\" class=\"uagb-toc-link__trigger\">Que factores influenciam a decis\u00e3o de tratamento?<\/a><li class=\"uagb-toc__list\"><a href=\"#therapie-der-milden-bis-moderaten-colitis-ulcerosa\" class=\"uagb-toc-link__trigger\">Tratamento da colite ulcerosa ligeira a moderada<\/a><ul class=\"uagb-toc__list\"><li class=\"uagb-toc__list\"><a href=\"#1-schubtherapie-bei-einer-proktitis\" class=\"uagb-toc-link__trigger\">1. Terapia de reca\u00edda para proctite<\/a><li class=\"uagb-toc__list\"><li class=\"uagb-toc__list\"><a href=\"#2-schubtherapie-bei-einer-linksseitencolitis\" class=\"uagb-toc-link__trigger\">2. terapia de reca\u00edda da colite do lado esquerdo<\/a><li class=\"uagb-toc__list\"><li class=\"uagb-toc__list\"><a href=\"#3-schubtherapie-bei-ausgedehntem-befall\" class=\"uagb-toc-link__trigger\">3. terapia de reca\u00edda para infesta\u00e7\u00e3o extensa<\/a><\/li><\/ul><\/li><li class=\"uagb-toc__list\"><a href=\"#therapieoptionen-bei-milder-bis-moderater-colitis-ulcerosa-ein-\u00fcberblick\" class=\"uagb-toc-link__trigger\">Op\u00e7\u00f5es de tratamento para a colite ulcerosa ligeira a moderada - uma vis\u00e3o geral<\/a><li class=\"uagb-toc__list\"><a href=\"#neue-therapieans\u00e4tze-zuk\u00fcnftige-entwicklungen\" class=\"uagb-toc-link__trigger\">Novas abordagens terap\u00eauticas e desenvolvimentos futuros<\/a><ul class=\"uagb-toc__list\"><li class=\"uagb-toc__list\"><a href=\"#wichtige-neuerungen-in-der-s3-leitlinie-2024-in-der-therapie-bei-colitis-ulcerosa\" class=\"uagb-toc-link__trigger\">Wichtige Neuerungen in der S3-Leitlinie 2024 in der Therapie bei Colitis ulcerosa<\/a><\/li><\/ul><\/li><\/ul><\/li><li class=\"uagb-toc__list\"><a href=\"#fazit-welche-therapie-ist-die-richtige-f\u00fcr-mich\" class=\"uagb-toc-link__trigger\">Conclus\u00e3o: Que terapia \u00e9 adequada para mim?<\/a><li class=\"uagb-toc__list\"><a href=\"#h\u00e4ufige-fragen-zur-therapie-von-colitis-ulcerosa\" class=\"uagb-toc-link__trigger\">Perguntas frequentes sobre o tratamento da colite ulcerosa<\/a><li class=\"uagb-toc__list\"><a href=\"#quellen\" class=\"uagb-toc-link__trigger\">Fontes<\/a><\/ul><\/ul><\/ol>\t\t\t\t\t<\/div>\n\t\t\t\t\t\t\t\t\t<\/div>\n\t\t\t\t<\/div>\n\t\t\t<\/div><\/div>\n\n\n\n<div class=\"wp-block-uagb-container uagb-block-8a4579a0 alignfull uagb-is-root-container\"><div class=\"uagb-container-inner-blocks-wrap\">\n<figure class=\"wp-block-image aligncenter size-large has-custom-border mb-0 mt-0\"><img loading=\"lazy\" decoding=\"async\" width=\"1024\" height=\"576\" src=\"https:\/\/core-way.de\/wp-content\/uploads\/2024\/05\/Bilder-Blogbeitraege-8-1024x576.png\" alt=\"Das Bild zeigt einen Arzt der auf den Dickdarm zeigt. Ein Model davon steht bei ihm auf dem Schreibtisch. der Schreibtisch befindet sich vor dem Arzt. DArauf liegen Notizb\u00fccher und eine Brille. Ganz links sieht man einen Bildschirm. Im Hintergrund sieht man verschwommen ein Regal mit einigen Boxen, Figuren und B\u00fcchern. Das Bild steht symbolisch f\u00fcr die Therapie bei Colitis ulcerosa. Der Beitrag, in em das Bild verwendet wird, besch\u00e4ftigt sich mit verschiedenen Therapieoptionen bei Colitis ulcerosa. ES werden f\u00fcr jede Schubst\u00e4rke verschiedene Therapie bei Colitis ulcerosa vorgestellt.\" class=\"wp-image-3433\" style=\"border-radius:16px;box-shadow:var(--wp--preset--shadow--deep);object-fit:cover\" srcset=\"https:\/\/core-way.de\/wp-content\/uploads\/2024\/05\/Bilder-Blogbeitraege-8-1024x576.png 1024w, https:\/\/core-way.de\/wp-content\/uploads\/2024\/05\/Bilder-Blogbeitraege-8-300x169.png 300w, https:\/\/core-way.de\/wp-content\/uploads\/2024\/05\/Bilder-Blogbeitraege-8-768x432.png 768w, https:\/\/core-way.de\/wp-content\/uploads\/2024\/05\/Bilder-Blogbeitraege-8-480x270.png 480w, https:\/\/core-way.de\/wp-content\/uploads\/2024\/05\/Bilder-Blogbeitraege-8-18x10.png 18w, https:\/\/core-way.de\/wp-content\/uploads\/2024\/05\/Bilder-Blogbeitraege-8.png 1366w\" sizes=\"auto, (max-width: 1024px) 100vw, 1024px\" \/><\/figure>\n<\/div><\/div>\n\n\n\n<p>O tratamento da colite ulcerosa (CU) tem v\u00e1rios objectivos. Em primeiro lugar, a inflama\u00e7\u00e3o do intestino deve ser reduzida e, em segundo lugar, os sintomas devem ser aliviados. A terapia tamb\u00e9m tem como objetivo alcan\u00e7ar uma remiss\u00e3o a longo prazo. Idealmente, sem a utiliza\u00e7\u00e3o de corticoster\u00f3ides. Que op\u00e7\u00f5es de tratamento existem e como s\u00e3o adaptadas em fun\u00e7\u00e3o da evolu\u00e7\u00e3o e da gravidade da doen\u00e7a? Neste artigo, ficar\u00e1 a saber tudo sobre <strong>Abordagens terap\u00eauticas modernas para a colite ulcerosa<\/strong>com base no atual <strong>Diretriz S3 sobre o diagn\u00f3stico e tratamento da UC<\/strong><\/p>\n\n\n\n<h2 class=\"wp-block-heading\"><strong>Qual \u00e9 o objetivo do tratamento da colite ulcerosa?<\/strong><\/h2>\n\n\n\n<p>Atualmente existem <strong>Sem cura<\/strong> para a colite ulcerosa. O principal objetivo da terapia \u00e9 <\/p>\n\n\n\n<ul class=\"wp-block-list\">\n<li>Um r\u00e1pido <strong>remiss\u00e3o cl\u00ednica<\/strong> (aus\u00eancia de sintomas).<\/li>\n\n\n\n<li>O <strong>Remiss\u00e3o endosc\u00f3pica<\/strong> (sem inflama\u00e7\u00e3o vis\u00edvel no intestino).<\/li>\n\n\n\n<li>O <strong>Utiliza\u00e7\u00e3o de corticoster\u00f3ides<\/strong> minimizado ou totalmente evitado.<\/li>\n<\/ul>\n\n\n\n<h2 class=\"wp-block-heading\"><strong>Que factores influenciam a decis\u00e3o de tratamento?<\/strong><\/h2>\n\n\n\n<div class=\"wp-block-uagb-image alignwide uagb-block-e1f5b7b6 wp-block-uagb-image--layout-default wp-block-uagb-image--effect-static wp-block-uagb-image--align-wide\"><figure class=\"wp-block-uagb-image__figure\"><img decoding=\"async\" srcset=\"https:\/\/core-way.de\/wp-content\/uploads\/2024\/05\/Therapieentscheidung-CU-2-1024x307.png ,https:\/\/core-way.de\/wp-content\/uploads\/2024\/05\/Therapieentscheidung-CU-2.png 780w, https:\/\/core-way.de\/wp-content\/uploads\/2024\/05\/Therapieentscheidung-CU-2.png 360w\" sizes=\"auto, (max-width: 480px) 150px\" src=\"https:\/\/core-way.de\/wp-content\/uploads\/2024\/05\/Therapieentscheidung-CU-2-1024x307.png\" alt=\"Faktoren, die die Therapieentscheidung bei Colitis ulcerosa beeinflussen, wie Krankheitsverlauf, Befallsmuster und Symptomintensit\u00e4t.\" class=\"uag-image-1219\" width=\"1024\" height=\"307\" title=\"Therapieentscheidung bei Colitis ulcerosa \u2013 Wichtige Faktoren\" loading=\"lazy\" role=\"img\"\/><\/figure><\/div>\n\n\n\n<p>A sele\u00e7\u00e3o do <strong>op\u00e7\u00e3o terap\u00eautica correta<\/strong> \u00e9 uma decis\u00e3o conjunta entre o m\u00e9dico e o doente. Para al\u00e9m disso, os efeitos secund\u00e1rios experimentados com terapias anteriores e a gravidade do tratamento desempenham um papel fundamental na decis\u00e3o de tratamento.<\/p>\n\n\n\n<h2 class=\"wp-block-heading\"><strong>Tratamento da colite ulcerosa ligeira a moderada<\/strong><\/h2>\n\n\n\n<div class=\"wp-block-columns is-layout-flex wp-container-core-columns-is-layout-28f84493 wp-block-columns-is-layout-flex\">\n<div class=\"wp-block-column is-vertically-aligned-center is-layout-flow wp-block-column-is-layout-flow\">\n<p>Dependendo do padr\u00e3o de infesta\u00e7\u00e3o, \u00e9 feita uma distin\u00e7\u00e3o entre UC:<\/p>\n\n\n\n<ul class=\"wp-block-list\">\n<li>E1: <strong>Proctite<\/strong> <em>(apenas o reto \u00e9 afetado)<\/em><\/li>\n\n\n\n<li>E2<strong>: Colite do lado esquerdo<\/strong> <em>(metade esquerda do abd\u00f3men afetada)<\/em><\/li>\n\n\n\n<li>E3: <strong>Infesta\u00e7\u00e3o extensa<\/strong> <em>(todo o intestino grosso afetado)<\/em><\/li>\n<\/ul>\n<\/div>\n\n\n\n<div class=\"wp-block-column is-layout-flow wp-block-column-is-layout-flow\">\n<div class=\"wp-block-uagb-image uagb-block-65e717dc wp-block-uagb-image--layout-overlay wp-block-uagb-image--effect-static wp-block-uagb-image--align-none\"><figure class=\"wp-block-uagb-image__figure\"><img decoding=\"async\" srcset=\"https:\/\/core-way.de\/wp-content\/uploads\/2024\/05\/Ulcerative_colitis_classification.svg-1.png ,https:\/\/core-way.de\/wp-content\/uploads\/2024\/05\/Ulcerative_colitis_classification.svg-1.png 780w, https:\/\/core-way.de\/wp-content\/uploads\/2024\/05\/Ulcerative_colitis_classification.svg-1.png 360w\" sizes=\"auto, (max-width: 480px) 150px\" src=\"https:\/\/core-way.de\/wp-content\/uploads\/2024\/05\/Ulcerative_colitis_classification.svg-1.png\" alt=\"\" class=\"uag-image-3262\" width=\"367\" height=\"162\" title=\"Ulcerative_colitis_classification.svg\" loading=\"lazy\" role=\"img\"\/><div class=\"wp-block-uagb-image--layout-overlay__color-wrapper\"><\/div><div class=\"wp-block-uagb-image--layout-overlay__inner center-center\"><\/div><\/figure><\/div>\n<\/div>\n<\/div>\n\n\n\n<h3 class=\"wp-block-heading\"><strong>1. <mark style=\"background-color:rgba(0, 0, 0, 0)\" class=\"has-inline-color has-accent-color\">Terapia de al\u00edvio para um <\/mark>Proctite<\/strong><\/h3>\n\n\n\n<p>O medicamento de elei\u00e7\u00e3o para a proctite ligeira a moderada \u00e9 inicialmente a administra\u00e7\u00e3o de mesalazina sob a forma de suposit\u00f3rio (\"suposit\u00f3rio\"). Em alternativa, os m\u00e9dicos tamb\u00e9m utilizam a mesalazina sob a forma de espumas e enemas.<\/p>\n\n\n\n<p>Se a terap\u00eautica rectal isolada n\u00e3o atingir os efeitos desejados, o tratamento pode ser adaptado em conformidade. Por exemplo, podem ser adicionados corticoster\u00f3ides t\u00f3picos (p. ex., espuma rectal de budesonida) ou mesalazina oral adicional.<\/p>\n\n\n\n<p class=\"is-style-info has-ast-global-color-3-color has-ast-global-color-2-background-color has-text-color has-background has-link-color wp-elements-2fe0462b79ba02b9ad2a90dc3e1b6446\" style=\"border-style:none;border-width:0px\"><img decoding=\"async\" class=\"wp-image-2781\" style=\"width: 0px;\" src=\"https:\/\/core-way.de\/wp-content\/uploads\/2025\/02\/7877192_workspace_man_computer_monitor_desk_icon.svg\" alt=\"\"><strong>Corticoster\u00f3ides t\u00f3picos<\/strong>Os corticoster\u00f3ides t\u00f3picos s\u00e3o corticoster\u00f3ides (tamb\u00e9m conhecidos como glucocortic\u00f3ides, ester\u00f3ides ou cortisona) que s\u00e3o utilizados localmente. Dependendo da \u00e1rea de aplica\u00e7\u00e3o, s\u00e3o utilizados sob a forma de sprays, gotas, enemas, espumas ou cremes. Ao visar a zona afetada, a terap\u00eautica local limita a distribui\u00e7\u00e3o no organismo, reduzindo assim significativamente o risco de efeitos secund\u00e1rios.<\/p>\n\n\n\n<h3 class=\"wp-block-heading\"><strong>2. <mark style=\"background-color:rgba(0, 0, 0, 0)\" class=\"has-inline-color has-accent-color\">Terapia de reca\u00edda para colite do lado esquerdo<\/mark><\/strong><\/h3>\n\n\n\n<p>Os m\u00e9dicos tamb\u00e9m recomendam a mesalazina rectal para a colite ligeira a moderada do lado esquerdo. Neste contexto, \u00e9 utilizada sob a forma de enemas ou espumas. Os especialistas tamb\u00e9m recomendam a toma de mesalazina oral logo desde o in\u00edcio para tornar o tratamento mais eficaz. Se os sintomas n\u00e3o melhorarem com esta terapia, \u00e9 tamb\u00e9m recomendada a utiliza\u00e7\u00e3o de corticoster\u00f3ides t\u00f3picos, como a espuma rectal de budesonida.<\/p>\n\n\n\n<h3 class=\"wp-block-heading\"><strong>3. <mark style=\"background-color:rgba(0, 0, 0, 0)\" class=\"has-inline-color has-accent-color\">Terapia de al\u00edvio para infesta\u00e7\u00f5es extensas<\/mark><\/strong><\/h3>\n\n\n\n<p>Os princ\u00edpios de tratamento da colite ulcerosa extensa correspondem essencialmente aos da colite do lado esquerdo. Se o envolvimento intestinal for extenso, recomenda-se a utiliza\u00e7\u00e3o de mesalazina oral em combina\u00e7\u00e3o com espumas de mesalazina administradas por via rectal ou enemas. Se esta terapia n\u00e3o resultar, recomenda-se o aumento da dose de mesalazina oral em caso de infesta\u00e7\u00e3o extensa.<\/p>\n\n\n\n<h2 class=\"wp-block-heading\"><strong>Op\u00e7\u00f5es de tratamento para a colite ulcerosa ligeira a moderada - uma vis\u00e3o geral<\/strong><\/h2>\n\n\n\n<div class=\"wp-block-uagb-image uagb-block-cacd929b wp-block-uagb-image--layout-default wp-block-uagb-image--effect-static wp-block-uagb-image--align-none\"><figure class=\"wp-block-uagb-image__figure\"><img decoding=\"async\" srcset=\"https:\/\/core-way.de\/wp-content\/uploads\/2024\/05\/milde-bis-moderate-Colitis-1024x576.png ,https:\/\/core-way.de\/wp-content\/uploads\/2024\/05\/milde-bis-moderate-Colitis.png 780w, https:\/\/core-way.de\/wp-content\/uploads\/2024\/05\/milde-bis-moderate-Colitis.png 360w\" sizes=\"auto, (max-width: 480px) 150px\" src=\"https:\/\/core-way.de\/wp-content\/uploads\/2024\/05\/milde-bis-moderate-Colitis-1024x576.png\" alt=\"Grafische \u00dcbersicht: Einflussfaktoren f\u00fcr die Wahl der Therapie bei Colitis ulcerosa, basierend auf der S3-Leitlinie.\" class=\"uag-image-1240\" width=\"1024\" height=\"576\" title=\"milde-bis-moderate-Colitis\" loading=\"lazy\" role=\"img\"\/><\/figure><\/div>\n\n\n<div class=\"wp-block-coblocks-social wp-block-coblocks-social-profiles alignwide has-text-align-center has-colors\"><ul><li><a href=\"https:\/\/www.facebook.com\/profile.php?id=61559289812516\" title=\"Facebook\" class=\"wp-block-button__link wp-block-coblocks-social__button wp-block-coblocks-social__button--facebook has-padding\" style=\"border-radius:40px\"><span class=\"wp-block-coblocks-social__icon\"><\/span><span class=\"wp-block-coblocks-social__text\">Facebook<\/span><\/a><\/li><li><a href=\"https:\/\/www.instagram.com\/core.way\/\" title=\"Instagram\" class=\"wp-block-button__link wp-block-coblocks-social__button wp-block-coblocks-social__button--instagram has-padding\" style=\"border-radius:40px\"><span class=\"wp-block-coblocks-social__icon\"><\/span><span class=\"wp-block-coblocks-social__text\">Instagram<\/span><\/a><\/li><li><a href=\"https:\/\/www.linkedin.com\/company\/core-way\" title=\"LinkedIn\" class=\"wp-block-button__link wp-block-coblocks-social__button wp-block-coblocks-social__button--linkedin has-padding\" style=\"border-radius:40px\"><span class=\"wp-block-coblocks-social__icon\"><\/span><span class=\"wp-block-coblocks-social__text\">LinkedIn<\/span><\/a><\/li><\/ul><\/div>\n\n\n<h2 class=\"wp-block-heading\"><strong>Novas abordagens terap\u00eauticas e desenvolvimentos futuros<\/strong><\/h2>\n\n\n\n<p>Para al\u00e9m dos medicamentos estabelecidos, existem cada vez mais <strong>Novas abordagens terap\u00eauticas<\/strong>que est\u00e3o a ser analisados:<\/p>\n\n\n\n<ul class=\"wp-block-list\">\n<li><strong>Biol\u00f3gicos e inibidores de JAK:<\/strong> Medicamentos inovadores para os casos mais graves.<\/li>\n\n\n\n<li><strong>Terapia com c\u00e9lulas estaminais mesenquimais:<\/strong> Abordagem de investiga\u00e7\u00e3o promissora.<\/li>\n\n\n\n<li><strong>Terapias do microbioma:<\/strong> Influenciar a flora intestinal para inibir a inflama\u00e7\u00e3o.<\/li>\n<\/ul>\n\n\n\n<h4 class=\"wp-block-heading\">Wichtige Neuerungen in der S3-Leitlinie 2024 in der Therapie bei Colitis ulcerosa<\/h4>\n\n\n\n<p>A atual diretriz S3 sobre colite ulcerosa (junho de 2024) cont\u00e9m v\u00e1rias altera\u00e7\u00f5es importantes:<\/p>\n\n\n\n<ol class=\"wp-block-list\">\n<li><strong>Neue Therapieoptionen aufgenommen<\/strong>:\n<ul class=\"wp-block-list\">\n<li><strong>Upadacitinib und Mirikizumab<\/strong> wurden erstmals in die Leitlinie aufgenommen.<\/li>\n\n\n\n<li>Die Leitlinie erg\u00e4nzt eine Empfehlung f\u00fcr Patienten, die nicht ausreichend auf Aminosalicylate ansprechen.<\/li>\n\n\n\n<li>Die Leitlinie pr\u00e4zisiert die Dosierung und den Einsatz von TNF-Antik\u00f6rpern bei komplizierten Verl\u00e4ufen.<\/li>\n<\/ul>\n<\/li>\n\n\n\n<li><strong>Therapie der komplizierten Verlaufsformen \u00fcberarbeitet<\/strong>:\n<ul class=\"wp-block-list\">\n<li>Die S3-Leitlinie konkretisiert die Therapieempfehlung f\u00fcr Patienten mit steroidabh\u00e4ngiger Colitis ulcerosa. Jetzt wird eine fr\u00fchzeitige Eskalation der Therapie mit <strong>Biologika oder JAK-Inhibitoren<\/strong> empfohlen\u200b.<\/li>\n<\/ul>\n<\/li>\n\n\n\n<li><strong>Neuer Fokus auf individualisierte Therapie<\/strong>:\n<ul class=\"wp-block-list\">\n<li>Die Leitlinie betont erneut, wie wichtig patientenspezifische Faktoren wie Krankheitsverlauf, Begleiterkrankungen und das Ansprechen auf fr\u00fchere Therapien sind.<\/li>\n<\/ul>\n<\/li>\n<\/ol>\n\n\n\n<h2 class=\"wp-block-heading\"><strong>Conclus\u00e3o: Que terapia \u00e9 adequada para mim?<\/strong><\/h2>\n\n\n\n<ul class=\"wp-block-list\">\n<li><strong>Die Wahl der richtigen Therapie<\/strong> h\u00e4ngt von deinem Krankheitsverlauf, der Schwere der Symptome und individuellen Faktoren ab.<\/li>\n\n\n\n<li><strong>Mesalazin bleibt die Standardtherapie<\/strong> f\u00fcr milde bis moderate Verl\u00e4ufe.<\/li>\n\n\n\n<li><strong>Kortikosteroide sollten nur kurzzeitig<\/strong> und bei schweren Sch\u00fcben eingesetzt werden.<\/li>\n\n\n\n<li><strong>Neue Medikamente &amp; Biologika<\/strong> kommen in schwereren F\u00e4llen zum Einsatz.<\/li>\n<\/ul>\n\n\n\n<p>Spreche mit deinem Arzt oder deiner \u00c4rztin \u00fcber die f\u00fcr dich <strong>beste Therapieoption<\/strong>!<\/p>\n\n\n\n<h2 class=\"wp-block-heading\"><strong>Perguntas frequentes sobre o tratamento da colite ulcerosa<\/strong><\/h2>\n\n\n\n<p><strong>Kann Colitis ulcerosa geheilt werden?<\/strong><br>Viele Patienten erreichen mit der richtigen Therapie eine langfristige Symptomfreiheit, aber eine Heilung ist nicht m\u00f6glich.<\/p>\n\n\n\n<p><strong>Was tun, wenn meine Medikamente nicht wirken?<\/strong><br>Sprich mit deinem Arzt \u00fcber eine <strong>Anpassung der Therapie<\/strong> oder den Einsatz neuerer Medikamente.<\/p>\n\n\n\n<p><strong>Sind Biologika besser als Mesalazin?<\/strong><br>Nicht unbedingt \u2013 sie sind f\u00fcr <strong>schwere Verl\u00e4ufe<\/strong> gedacht, w\u00e4hrend Mesalazin oft bei milden Verl\u00e4ufen reicht.<\/p>\n\n\n\n<p><strong>Gibt es eine spezielle Ern\u00e4hrung, die hilft?<\/strong><br>Tats\u00e4chlich kann eine gezielte Ern\u00e4hrung unterst\u00fctzend wirken. Allerdings ersetzt sie keine Medikamente. Mehr dazu erf\u00e4hrst du in unserem Beitrag zur <strong><a href=\"https:\/\/core-way.de\/pt\/nutricao-para-ced-14-dicas-para-uma-dieta-saudavel\/\">CED-Ern\u00e4hrung<\/a><\/strong>.<\/p>\n\n\n\n<h2 class=\"wp-block-heading\">Fontes<\/h2>\n\n\n\n<ul class=\"wp-block-list\">\n<li><strong>Sociedade Alem\u00e3 de Gastroenterologia, Doen\u00e7as Digestivas e Metab\u00f3licas (DGVS).<\/strong> (2024). <em>Diretriz S3 sobre o diagn\u00f3stico e tratamento da colite ulcerosa (vers\u00e3o 2024-06).<\/em> Registo AWMF n.\u00ba 021-009 Z Gastroenterol 2024; 62: 769-858 <a href=\"https:\/\/register.awmf.org\/assets\/guidelines\/021-009l_S3_Colitis-ulcerosa_2024-06.pdf\">DOI 10.1055\/a-2271-0994<\/a><\/li>\n<\/ul>\n\n\n\n<p>Wenn du mehr \u00fcber die neusten Erkenntnisse zur CED-Therapie erfahren m\u00f6chtest, lese gerne den Beitrag: <a href=\"https:\/\/core-way.de\/pt\/terapia-com-celulas-estaminais-mesenquimais-para-a-ced-um-olhar-para-o-futuro\/\">Mesenchymale Stammzellen \u2013 Neue Hoffnung f\u00fcr CED-Betroffene<\/a><\/p>\n\n\n<div class=\"wp-block-post-date__modified-date wp-block-post-date\"><time datetime=\"2025-09-04T14:36:19+00:00\">Setembro 4, 2025<\/time><\/div>\n\n<div class=\"items-justified-left wp-block-site-reviews-form\"><div class=\"glsr glsr-default\" id=\"glsr_ywnutkfy\" data-from=\"block\" data-shortcode=\"site_reviews_form\" data-hide=\"name,email,title,content\"><div class=\"glsr-form-wrap\">\n    <form class=\"glsr-form glsr-review-form\" method=\"post\" enctype=\"multipart\/form-data\" action=\"\">\n        <input type=\"hidden\" name=\"site-reviews[_action]\" value=\"submit-review\" \/>\n<input type=\"hidden\" name=\"site-reviews[_nonce]\" value=\"033fc654eb\" \/>\n<input type=\"hidden\" name=\"site-reviews[_post_id]\" value=\"1213\" \/>\n<input type=\"hidden\" name=\"site-reviews[_referer]\" value=\"\" \/>\n<input type=\"hidden\" name=\"site-reviews[assigned_posts]\" value=\"\" \/>\n<input type=\"hidden\" name=\"site-reviews[assigned_terms]\" value=\"\" \/>\n<input type=\"hidden\" name=\"site-reviews[assigned_users]\" value=\"\" \/>\n<input type=\"hidden\" name=\"site-reviews[excluded]\" value=\"name, email, title, content\" \/>\n<input type=\"hidden\" name=\"site-reviews[form_id]\" value=\"glsr_ywnutkfy\" \/>\n<input type=\"hidden\" name=\"site-reviews[form_signature]\" value=\"y0qIxXcGHsqQpAhyRBIk-EOHSw0vwi5a9vXOB3Ul26Vze0y3B20G_Gb14aSvsFxUoLUl8yewMYpFrtdImL3nSQh58lE5nw1-ssZ5entv9z33LE4y9HLbjZBGjNnCiV82Y9n8tt2qS_56tXactVIp-m44TBtMryxNXCeKxDOXa7dz1pkscpHBDAvjClw_iUe009psLNJMuWviH-bvIsvMtOz0iF7Q1UPh7pLYD9o_OJaBljv4FxDWyzihmwAxAWrnF3UGGBbVg0dRXe_85UNlHuaTXVRtn7uZDBVnzUxbImppBvSj4EnoFcrNWVPg1sa8sq98YEKAVMFmtGpvHgLLjLfqb7UGDyHMNL-_DoLksKGn_PZsE0xQToFNYO2__HYGwuGBtZ6Q67mRYrlTPutD-U9PEt3DI3TtRxYjtJQeQvQlOC2WphGL8odLvyAQKoUYC6D-wsSCpIgNE6d8ZV1ZsZwCXV7-vf1X\" \/>\n<input type=\"hidden\" name=\"site-reviews[terms_exist]\" value=\"1\" \/>\n<div class=\"glsr-field\" style=\"display:none;\"><label for=\"site-reviews-0dfbceda-glsr_ywnutkfy\">Your review<\/label><input type=\"text\" class=\"glsr-input glsr-input-text\" id=\"site-reviews-0dfbceda-glsr_ywnutkfy\" name=\"site-reviews[0dfbceda]\" value=\"\" \/><\/div>\n<div class=\"glsr-field glsr-field-rating glsr-required\" data-field=\"rating\" data-type=\"rating\">\n    <label class=\"glsr-label\" for=\"glsr_ywnutkfy-rating\">\n    <span>Your overall rating<\/span>\n<\/label>\n    <select class=\"browser-default disable-select glsr-select no-wrap no_wrap\" id=\"glsr_ywnutkfy-rating\" name=\"site-reviews[rating]\" required><option value=\"\">Select a Rating<\/option><option value=\"5\">5 Stars<\/option><option value=\"4\">4 Stars<\/option><option value=\"3\">3 Stars<\/option><option value=\"2\">2 Stars<\/option><option value=\"1\">1 Star<\/option><\/select>\n    <div class=\"glsr-field-error\"><\/div>\n<\/div>\n<div class=\"glsr-field glsr-field-choice glsr-required\" data-field=\"terms\" data-type=\"toggle\">\n    \n    <div class=\"glsr-field-subgroup\">\n        <span class=\"glsr-field-toggle\">\n    <span>\n        <span class=\"glsr-toggle\"><input type=\"checkbox\" class=\"glsr-input-toggle\" id=\"glsr_ywnutkfy-terms-1\" name=\"site-reviews[terms]\" required value=\"1\" \/><span class=\"glsr-toggle-track\"><\/span><\/span>\n    <\/span>\n    <label for=\"glsr_ywnutkfy-terms-1\">This review is based on my own experience and is my genuine opinion.<\/label>\n<\/span>\n    <\/div>\n    <div class=\"glsr-field-error\"><\/div>\n<\/div>\n        <div class=\"glsr-form-message\">\n    \n<\/div>\n        <div data-field=\"submit-button\">\n    <div class=\"wp-block-buttons is-layout-flex\">\n        <div class=\"wp-block-button\">\n            <button type=\"submit\" class=\"glsr-button wp-block-button__link wp-element-button\" aria-busy=\"false\" data-loading=\"Submitting, please wait...\">Submit Review<\/button>\n        <\/div>\n    <\/div>\n<\/div>\n    <input type=\"hidden\" name=\"trp-form-language\" value=\"pt\"\/><\/form>\n<\/div><\/div><\/div>\n\n\n<p><\/p>","protected":false},"excerpt":{"rendered":"<p>Terapia para a colite ulcerosa - abordagens de tratamento actuais baseadas na diretriz S3<\/p>","protected":false},"author":6,"featured_media":3433,"comment_status":"open","ping_status":"open","sticky":false,"template":"","format":"standard","meta":{"_coblocks_attr":"","_coblocks_dimensions":"","_coblocks_responsive_height":"","_coblocks_accordion_ie_support":"","inline_featured_image":false,"_uag_custom_page_level_css":"","site-sidebar-layout":"default","site-content-layout":"","ast-site-content-layout":"","site-content-style":"default","site-sidebar-style":"default","ast-global-header-display":"","ast-banner-title-visibility":"","ast-main-header-display":"","ast-hfb-above-header-display":"","ast-hfb-below-header-display":"","ast-hfb-mobile-header-display":"","site-post-title":"","ast-breadcrumbs-content":"","ast-featured-img":"disabled","footer-sml-layout":"","ast-disable-related-posts":"","theme-transparent-header-meta":"","adv-header-id-meta":"","stick-header-meta":"","header-above-stick-meta":"","header-main-stick-meta":"","header-below-stick-meta":"","astra-migrate-meta-layouts":"default","ast-page-background-enabled":"default","ast-page-background-meta":{"desktop":{"background-color":"var(--ast-global-color-4)","background-image":"","background-repeat":"repeat","background-position":"center center","background-size":"auto","background-attachment":"scroll","background-type":"","background-media":"","overlay-type":"","overlay-color":"","overlay-opacity":"","overlay-gradient":""},"tablet":{"background-color":"","background-image":"","background-repeat":"repeat","background-position":"center center","background-size":"auto","background-attachment":"scroll","background-type":"","background-media":"","overlay-type":"","overlay-color":"","overlay-opacity":"","overlay-gradient":""},"mobile":{"background-color":"","background-image":"","background-repeat":"repeat","background-position":"center center","background-size":"auto","background-attachment":"scroll","background-type":"","background-media":"","overlay-type":"","overlay-color":"","overlay-opacity":"","overlay-gradient":""}},"ast-content-background-meta":{"desktop":{"background-color":"var(--ast-global-color-5)","background-image":"","background-repeat":"repeat","background-position":"center center","background-size":"auto","background-attachment":"scroll","background-type":"","background-media":"","overlay-type":"","overlay-color":"","overlay-opacity":"","overlay-gradient":""},"tablet":{"background-color":"var(--ast-global-color-5)","background-image":"","background-repeat":"repeat","background-position":"center center","background-size":"auto","background-attachment":"scroll","background-type":"","background-media":"","overlay-type":"","overlay-color":"","overlay-opacity":"","overlay-gradient":""},"mobile":{"background-color":"var(--ast-global-color-5)","background-image":"","background-repeat":"repeat","background-position":"center center","background-size":"auto","background-attachment":"scroll","background-type":"","background-media":"","overlay-type":"","overlay-color":"","overlay-opacity":"","overlay-gradient":""}},"_glsr_average":0,"_glsr_ranking":0,"_glsr_reviews":0,"footnotes":""},"categories":[12,166,177],"tags":[345,348,19,346,55,344,226,242,251,342,343,54,327,347],"class_list":["post-1213","post","type-post","status-publish","format-standard","has-post-thumbnail","hentry","category-ced-wissen-forschung","category-deutsch","category-symptomaktivitaet","tag-behandlung-von-colitis-ulcerosa","tag-behandlungsmoeglichkeiten","tag-ced","tag-chronisch-entzuendliche-darmerkrnakung","tag-colitis-ulcerosa","tag-krankheitsschuebe","tag-proktitis","tag-remission","tag-s3-guidelines","tag-s3-leitlinien","tag-schuebe","tag-therapie","tag-therapie-bei-colitis-ulcerosa","tag-therapieformen"],"yoast_head":"<!-- This site is optimized with the Yoast SEO plugin v27.5 - https:\/\/yoast.com\/product\/yoast-seo-wordpress\/ -->\n<title>Therapie bei Colitis Ulcerosa - Aktuelle Behandlungsans\u00e4tze<\/title>\n<meta name=\"description\" content=\"Die Therapie bei Colitis ulcerosa zielt auf langfristige Remission ab. Erfahre mehr \u00fcber Behandlungsoptionen basierend auf der S3-Leitlinie.\" \/>\n<meta name=\"robots\" content=\"index, follow, max-snippet:-1, max-image-preview:large, max-video-preview:-1\" \/>\n<link rel=\"canonical\" href=\"https:\/\/core-way.de\/pt\/therapie-colitis-ulcerosa\/\" \/>\n<meta property=\"og:locale\" content=\"pt_PT\" \/>\n<meta property=\"og:type\" content=\"article\" \/>\n<meta property=\"og:title\" content=\"Therapie bei Colitis Ulcerosa - Aktuelle Behandlungsans\u00e4tze\" \/>\n<meta property=\"og:description\" content=\"Die Therapie bei Colitis ulcerosa zielt auf langfristige Remission ab. Erfahre mehr \u00fcber Behandlungsoptionen basierend auf der S3-Leitlinie.\" \/>\n<meta property=\"og:url\" content=\"https:\/\/core-way.de\/pt\/therapie-colitis-ulcerosa\/\" \/>\n<meta property=\"og:site_name\" content=\"coreway\" \/>\n<meta property=\"article:published_time\" content=\"2024-05-17T08:34:16+00:00\" \/>\n<meta property=\"article:modified_time\" content=\"2025-09-04T14:36:19+00:00\" \/>\n<meta property=\"og:image\" content=\"https:\/\/core-way.de\/wp-content\/uploads\/2024\/05\/Bilder-Blogbeitraege-8.png\" \/>\n\t<meta property=\"og:image:width\" content=\"1366\" \/>\n\t<meta property=\"og:image:height\" content=\"768\" \/>\n\t<meta property=\"og:image:type\" content=\"image\/png\" \/>\n<meta name=\"author\" content=\"Hanna Schuler\" \/>\n<meta name=\"twitter:card\" content=\"summary_large_image\" \/>\n<meta name=\"twitter:label1\" content=\"Escrito por\" \/>\n\t<meta name=\"twitter:data1\" content=\"Hanna Schuler\" \/>\n\t<meta name=\"twitter:label2\" content=\"Tempo estimado de leitura\" \/>\n\t<meta name=\"twitter:data2\" content=\"6 minutos\" \/>\n<script type=\"application\/ld+json\" class=\"yoast-schema-graph\">{\"@context\":\"https:\\\/\\\/schema.org\",\"@graph\":[{\"@type\":\"Article\",\"@id\":\"https:\\\/\\\/core-way.de\\\/therapie-colitis-ulcerosa\\\/#article\",\"isPartOf\":{\"@id\":\"https:\\\/\\\/core-way.de\\\/therapie-colitis-ulcerosa\\\/\"},\"author\":{\"name\":\"Hanna Schuler\",\"@id\":\"https:\\\/\\\/core-way.de\\\/#\\\/schema\\\/person\\\/8b3ccb31773cee7e4c3844a7c77c2a01\"},\"headline\":\"Therapie bei Colitis ulcerosa \u2013 Aktuelle Behandlungsans\u00e4tze auf Basis der S3-Leitlinie\",\"datePublished\":\"2024-05-17T08:34:16+00:00\",\"dateModified\":\"2025-09-04T14:36:19+00:00\",\"mainEntityOfPage\":{\"@id\":\"https:\\\/\\\/core-way.de\\\/therapie-colitis-ulcerosa\\\/\"},\"wordCount\":902,\"commentCount\":0,\"publisher\":{\"@id\":\"https:\\\/\\\/core-way.de\\\/#organization\"},\"image\":{\"@id\":\"https:\\\/\\\/core-way.de\\\/therapie-colitis-ulcerosa\\\/#primaryimage\"},\"thumbnailUrl\":\"https:\\\/\\\/core-way.de\\\/wp-content\\\/uploads\\\/2024\\\/05\\\/Bilder-Blogbeitraege-8.png\",\"keywords\":[\"Behandlung von Colitis ulcerosa\",\"Behandlungsm\u00f6glichkeiten\",\"CED\",\"chronisch-entz\u00fcndliche Darmerkrnakung\",\"Colitis ulcerosa\",\"Krankheitssch\u00fcbe\",\"Proktitis\",\"remission\",\"S3-Guidelines\",\"S3-Leitlinien\",\"Sch\u00fcbe\",\"Therapie\",\"Therapie bei Colitis ulcerosa\",\"Therapieformen\"],\"articleSection\":[\"CED-Wissen &amp; Forschung: Diagnose, Behandlung &amp; Therapien\",\"Deutsch\",\"Symptomaktivit\u00e4t\"],\"inLanguage\":\"pt-PT\",\"potentialAction\":[{\"@type\":\"CommentAction\",\"name\":\"Comment\",\"target\":[\"https:\\\/\\\/core-way.de\\\/therapie-colitis-ulcerosa\\\/#respond\"]}]},{\"@type\":\"WebPage\",\"@id\":\"https:\\\/\\\/core-way.de\\\/therapie-colitis-ulcerosa\\\/\",\"url\":\"https:\\\/\\\/core-way.de\\\/therapie-colitis-ulcerosa\\\/\",\"name\":\"Therapie bei Colitis Ulcerosa - Aktuelle Behandlungsans\u00e4tze\",\"isPartOf\":{\"@id\":\"https:\\\/\\\/core-way.de\\\/#website\"},\"primaryImageOfPage\":{\"@id\":\"https:\\\/\\\/core-way.de\\\/therapie-colitis-ulcerosa\\\/#primaryimage\"},\"image\":{\"@id\":\"https:\\\/\\\/core-way.de\\\/therapie-colitis-ulcerosa\\\/#primaryimage\"},\"thumbnailUrl\":\"https:\\\/\\\/core-way.de\\\/wp-content\\\/uploads\\\/2024\\\/05\\\/Bilder-Blogbeitraege-8.png\",\"datePublished\":\"2024-05-17T08:34:16+00:00\",\"dateModified\":\"2025-09-04T14:36:19+00:00\",\"description\":\"Die Therapie bei Colitis ulcerosa zielt auf langfristige Remission ab. Erfahre mehr \u00fcber Behandlungsoptionen basierend auf der S3-Leitlinie.\",\"breadcrumb\":{\"@id\":\"https:\\\/\\\/core-way.de\\\/therapie-colitis-ulcerosa\\\/#breadcrumb\"},\"inLanguage\":\"pt-PT\",\"potentialAction\":[{\"@type\":\"ReadAction\",\"target\":[\"https:\\\/\\\/core-way.de\\\/therapie-colitis-ulcerosa\\\/\"]}]},{\"@type\":\"ImageObject\",\"inLanguage\":\"pt-PT\",\"@id\":\"https:\\\/\\\/core-way.de\\\/therapie-colitis-ulcerosa\\\/#primaryimage\",\"url\":\"https:\\\/\\\/core-way.de\\\/wp-content\\\/uploads\\\/2024\\\/05\\\/Bilder-Blogbeitraege-8.png\",\"contentUrl\":\"https:\\\/\\\/core-way.de\\\/wp-content\\\/uploads\\\/2024\\\/05\\\/Bilder-Blogbeitraege-8.png\",\"width\":1366,\"height\":768},{\"@type\":\"BreadcrumbList\",\"@id\":\"https:\\\/\\\/core-way.de\\\/therapie-colitis-ulcerosa\\\/#breadcrumb\",\"itemListElement\":[{\"@type\":\"ListItem\",\"position\":1,\"name\":\"Home\",\"item\":\"https:\\\/\\\/core-way.de\\\/\"},{\"@type\":\"ListItem\",\"position\":2,\"name\":\"Therapie bei Colitis ulcerosa \u2013 Aktuelle Behandlungsans\u00e4tze auf Basis der S3-Leitlinie\"}]},{\"@type\":\"WebSite\",\"@id\":\"https:\\\/\\\/core-way.de\\\/#website\",\"url\":\"https:\\\/\\\/core-way.de\\\/\",\"name\":\"coreway\",\"description\":\"\",\"publisher\":{\"@id\":\"https:\\\/\\\/core-way.de\\\/#organization\"},\"potentialAction\":[{\"@type\":\"SearchAction\",\"target\":{\"@type\":\"EntryPoint\",\"urlTemplate\":\"https:\\\/\\\/core-way.de\\\/?s={search_term_string}\"},\"query-input\":{\"@type\":\"PropertyValueSpecification\",\"valueRequired\":true,\"valueName\":\"search_term_string\"}}],\"inLanguage\":\"pt-PT\"},{\"@type\":\"Organization\",\"@id\":\"https:\\\/\\\/core-way.de\\\/#organization\",\"name\":\"coreway\",\"url\":\"https:\\\/\\\/core-way.de\\\/\",\"logo\":{\"@type\":\"ImageObject\",\"inLanguage\":\"pt-PT\",\"@id\":\"https:\\\/\\\/core-way.de\\\/#\\\/schema\\\/logo\\\/image\\\/\",\"url\":\"https:\\\/\\\/core-way.de\\\/wp-content\\\/uploads\\\/2023\\\/09\\\/Black-And-White-Aesthetic-Minimalist-Modern-Simple-Typography-Coconut-Cosmetics-Logo-5.png\",\"contentUrl\":\"https:\\\/\\\/core-way.de\\\/wp-content\\\/uploads\\\/2023\\\/09\\\/Black-And-White-Aesthetic-Minimalist-Modern-Simple-Typography-Coconut-Cosmetics-Logo-5.png\",\"width\":500,\"height\":500,\"caption\":\"coreway\"},\"image\":{\"@id\":\"https:\\\/\\\/core-way.de\\\/#\\\/schema\\\/logo\\\/image\\\/\"},\"sameAs\":[\"https:\\\/\\\/www.instagram.com\\\/core.way\\\/\",\"https:\\\/\\\/www.linkedin.com\\\/company\\\/92284357\"]},{\"@type\":\"Person\",\"@id\":\"https:\\\/\\\/core-way.de\\\/#\\\/schema\\\/person\\\/8b3ccb31773cee7e4c3844a7c77c2a01\",\"name\":\"Hanna Schuler\",\"image\":{\"@type\":\"ImageObject\",\"inLanguage\":\"pt-PT\",\"@id\":\"https:\\\/\\\/secure.gravatar.com\\\/avatar\\\/d89162dc90684baddb215a556bda62cc97ccd0c16f51a325129ed0238db4c02a?s=96&#038;d=mm&#038;r=g\",\"url\":\"https:\\\/\\\/secure.gravatar.com\\\/avatar\\\/d89162dc90684baddb215a556bda62cc97ccd0c16f51a325129ed0238db4c02a?s=96&#038;d=mm&#038;r=g\",\"contentUrl\":\"https:\\\/\\\/secure.gravatar.com\\\/avatar\\\/d89162dc90684baddb215a556bda62cc97ccd0c16f51a325129ed0238db4c02a?s=96&#038;d=mm&#038;r=g\",\"caption\":\"Hanna Schuler\"},\"url\":\"https:\\\/\\\/core-way.de\\\/pt\\\/author\\\/hanna-schuler\\\/\"}]}<\/script>\n<!-- \/ Yoast SEO plugin. -->","yoast_head_json":{"title":"Terapia para a colite ulcerosa - Abordagens de tratamento actuais","description":"A terap\u00eautica para a colite ulcerosa tem como objetivo a remiss\u00e3o a longo prazo. Saiba mais sobre as op\u00e7\u00f5es de tratamento baseadas nas diretrizes S3.","robots":{"index":"index","follow":"follow","max-snippet":"max-snippet:-1","max-image-preview":"max-image-preview:large","max-video-preview":"max-video-preview:-1"},"canonical":"https:\/\/core-way.de\/pt\/therapie-colitis-ulcerosa\/","og_locale":"pt_PT","og_type":"article","og_title":"Therapie bei Colitis Ulcerosa - Aktuelle Behandlungsans\u00e4tze","og_description":"Die Therapie bei Colitis ulcerosa zielt auf langfristige Remission ab. Erfahre mehr \u00fcber Behandlungsoptionen basierend auf der S3-Leitlinie.","og_url":"https:\/\/core-way.de\/pt\/therapie-colitis-ulcerosa\/","og_site_name":"coreway","article_published_time":"2024-05-17T08:34:16+00:00","article_modified_time":"2025-09-04T14:36:19+00:00","og_image":[{"width":1366,"height":768,"url":"https:\/\/core-way.de\/wp-content\/uploads\/2024\/05\/Bilder-Blogbeitraege-8.png","type":"image\/png"}],"author":"Hanna Schuler","twitter_card":"summary_large_image","twitter_misc":{"Escrito por":"Hanna Schuler","Tempo estimado de leitura":"6 minutos"},"schema":{"@context":"https:\/\/schema.org","@graph":[{"@type":"Article","@id":"https:\/\/core-way.de\/therapie-colitis-ulcerosa\/#article","isPartOf":{"@id":"https:\/\/core-way.de\/therapie-colitis-ulcerosa\/"},"author":{"name":"Hanna Schuler","@id":"https:\/\/core-way.de\/#\/schema\/person\/8b3ccb31773cee7e4c3844a7c77c2a01"},"headline":"Therapie bei Colitis ulcerosa \u2013 Aktuelle Behandlungsans\u00e4tze auf Basis der S3-Leitlinie","datePublished":"2024-05-17T08:34:16+00:00","dateModified":"2025-09-04T14:36:19+00:00","mainEntityOfPage":{"@id":"https:\/\/core-way.de\/therapie-colitis-ulcerosa\/"},"wordCount":902,"commentCount":0,"publisher":{"@id":"https:\/\/core-way.de\/#organization"},"image":{"@id":"https:\/\/core-way.de\/therapie-colitis-ulcerosa\/#primaryimage"},"thumbnailUrl":"https:\/\/core-way.de\/wp-content\/uploads\/2024\/05\/Bilder-Blogbeitraege-8.png","keywords":["Behandlung von Colitis ulcerosa","Behandlungsm\u00f6glichkeiten","CED","chronisch-entz\u00fcndliche Darmerkrnakung","Colitis ulcerosa","Krankheitssch\u00fcbe","Proktitis","remission","S3-Guidelines","S3-Leitlinien","Sch\u00fcbe","Therapie","Therapie bei Colitis ulcerosa","Therapieformen"],"articleSection":["CED-Wissen &amp; Forschung: Diagnose, Behandlung &amp; Therapien","Deutsch","Symptomaktivit\u00e4t"],"inLanguage":"pt-PT","potentialAction":[{"@type":"CommentAction","name":"Comment","target":["https:\/\/core-way.de\/therapie-colitis-ulcerosa\/#respond"]}]},{"@type":"WebPage","@id":"https:\/\/core-way.de\/therapie-colitis-ulcerosa\/","url":"https:\/\/core-way.de\/therapie-colitis-ulcerosa\/","name":"Terapia para a colite ulcerosa - Abordagens de tratamento actuais","isPartOf":{"@id":"https:\/\/core-way.de\/#website"},"primaryImageOfPage":{"@id":"https:\/\/core-way.de\/therapie-colitis-ulcerosa\/#primaryimage"},"image":{"@id":"https:\/\/core-way.de\/therapie-colitis-ulcerosa\/#primaryimage"},"thumbnailUrl":"https:\/\/core-way.de\/wp-content\/uploads\/2024\/05\/Bilder-Blogbeitraege-8.png","datePublished":"2024-05-17T08:34:16+00:00","dateModified":"2025-09-04T14:36:19+00:00","description":"A terap\u00eautica para a colite ulcerosa tem como objetivo a remiss\u00e3o a longo prazo. Saiba mais sobre as op\u00e7\u00f5es de tratamento baseadas nas diretrizes S3.","breadcrumb":{"@id":"https:\/\/core-way.de\/therapie-colitis-ulcerosa\/#breadcrumb"},"inLanguage":"pt-PT","potentialAction":[{"@type":"ReadAction","target":["https:\/\/core-way.de\/therapie-colitis-ulcerosa\/"]}]},{"@type":"ImageObject","inLanguage":"pt-PT","@id":"https:\/\/core-way.de\/therapie-colitis-ulcerosa\/#primaryimage","url":"https:\/\/core-way.de\/wp-content\/uploads\/2024\/05\/Bilder-Blogbeitraege-8.png","contentUrl":"https:\/\/core-way.de\/wp-content\/uploads\/2024\/05\/Bilder-Blogbeitraege-8.png","width":1366,"height":768},{"@type":"BreadcrumbList","@id":"https:\/\/core-way.de\/therapie-colitis-ulcerosa\/#breadcrumb","itemListElement":[{"@type":"ListItem","position":1,"name":"Home","item":"https:\/\/core-way.de\/"},{"@type":"ListItem","position":2,"name":"Therapie bei Colitis ulcerosa \u2013 Aktuelle Behandlungsans\u00e4tze auf Basis der S3-Leitlinie"}]},{"@type":"WebSite","@id":"https:\/\/core-way.de\/#website","url":"https:\/\/core-way.de\/","name":"via central","description":"","publisher":{"@id":"https:\/\/core-way.de\/#organization"},"potentialAction":[{"@type":"SearchAction","target":{"@type":"EntryPoint","urlTemplate":"https:\/\/core-way.de\/?s={search_term_string}"},"query-input":{"@type":"PropertyValueSpecification","valueRequired":true,"valueName":"search_term_string"}}],"inLanguage":"pt-PT"},{"@type":"Organization","@id":"https:\/\/core-way.de\/#organization","name":"via central","url":"https:\/\/core-way.de\/","logo":{"@type":"ImageObject","inLanguage":"pt-PT","@id":"https:\/\/core-way.de\/#\/schema\/logo\/image\/","url":"https:\/\/core-way.de\/wp-content\/uploads\/2023\/09\/Black-And-White-Aesthetic-Minimalist-Modern-Simple-Typography-Coconut-Cosmetics-Logo-5.png","contentUrl":"https:\/\/core-way.de\/wp-content\/uploads\/2023\/09\/Black-And-White-Aesthetic-Minimalist-Modern-Simple-Typography-Coconut-Cosmetics-Logo-5.png","width":500,"height":500,"caption":"coreway"},"image":{"@id":"https:\/\/core-way.de\/#\/schema\/logo\/image\/"},"sameAs":["https:\/\/www.instagram.com\/core.way\/","https:\/\/www.linkedin.com\/company\/92284357"]},{"@type":"Person","@id":"https:\/\/core-way.de\/#\/schema\/person\/8b3ccb31773cee7e4c3844a7c77c2a01","name":"Hanna Schuler","image":{"@type":"ImageObject","inLanguage":"pt-PT","@id":"https:\/\/secure.gravatar.com\/avatar\/d89162dc90684baddb215a556bda62cc97ccd0c16f51a325129ed0238db4c02a?s=96&#038;d=mm&#038;r=g","url":"https:\/\/secure.gravatar.com\/avatar\/d89162dc90684baddb215a556bda62cc97ccd0c16f51a325129ed0238db4c02a?s=96&#038;d=mm&#038;r=g","contentUrl":"https:\/\/secure.gravatar.com\/avatar\/d89162dc90684baddb215a556bda62cc97ccd0c16f51a325129ed0238db4c02a?s=96&#038;d=mm&#038;r=g","caption":"Hanna Schuler"},"url":"https:\/\/core-way.de\/pt\/author\/hanna-schuler\/"}]}},"uagb_featured_image_src":{"full":["https:\/\/core-way.de\/wp-content\/uploads\/2024\/05\/Bilder-Blogbeitraege-8.png",1366,768,false],"thumbnail":["https:\/\/core-way.de\/wp-content\/uploads\/2024\/05\/Bilder-Blogbeitraege-8-150x150.png",150,150,true],"medium":["https:\/\/core-way.de\/wp-content\/uploads\/2024\/05\/Bilder-Blogbeitraege-8-300x169.png",300,169,true],"medium_large":["https:\/\/core-way.de\/wp-content\/uploads\/2024\/05\/Bilder-Blogbeitraege-8-768x432.png",768,432,true],"large":["https:\/\/core-way.de\/wp-content\/uploads\/2024\/05\/Bilder-Blogbeitraege-8-1024x576.png",1024,576,true],"wpdr-feat-thumb":["https:\/\/core-way.de\/wp-content\/uploads\/2024\/05\/Bilder-Blogbeitraege-8-450x600.png",450,600,true],"delrecpe-structured-data-1_1":["https:\/\/core-way.de\/wp-content\/uploads\/2024\/05\/Bilder-Blogbeitraege-8-500x500.png",500,500,true],"delrecpe-structured-data-4_3":["https:\/\/core-way.de\/wp-content\/uploads\/2024\/05\/Bilder-Blogbeitraege-8-500x375.png",500,375,true],"delrecpe-structured-data-16_9":["https:\/\/core-way.de\/wp-content\/uploads\/2024\/05\/Bilder-Blogbeitraege-8-480x270.png",480,270,true],"1536x1536":["https:\/\/core-way.de\/wp-content\/uploads\/2024\/05\/Bilder-Blogbeitraege-8.png",1366,768,false],"2048x2048":["https:\/\/core-way.de\/wp-content\/uploads\/2024\/05\/Bilder-Blogbeitraege-8.png",1366,768,false],"trp-custom-language-flag":["https:\/\/core-way.de\/wp-content\/uploads\/2024\/05\/Bilder-Blogbeitraege-8-18x10.png",18,10,true],"bdpp-medium":["https:\/\/core-way.de\/wp-content\/uploads\/2024\/05\/Bilder-Blogbeitraege-8-640x480.png",640,480,true]},"uagb_author_info":{"display_name":"Hanna Schuler","author_link":"https:\/\/core-way.de\/pt\/author\/hanna-schuler\/"},"uagb_comment_info":0,"uagb_excerpt":"Therapie bei Colitis ulcerosa \u2013 Aktuelle Behandlungsans\u00e4tze auf Basis der S3-Leitlinie","_links":{"self":[{"href":"https:\/\/core-way.de\/pt\/wp-json\/wp\/v2\/posts\/1213","targetHints":{"allow":["GET"]}}],"collection":[{"href":"https:\/\/core-way.de\/pt\/wp-json\/wp\/v2\/posts"}],"about":[{"href":"https:\/\/core-way.de\/pt\/wp-json\/wp\/v2\/types\/post"}],"author":[{"embeddable":true,"href":"https:\/\/core-way.de\/pt\/wp-json\/wp\/v2\/users\/6"}],"replies":[{"embeddable":true,"href":"https:\/\/core-way.de\/pt\/wp-json\/wp\/v2\/comments?post=1213"}],"version-history":[{"count":21,"href":"https:\/\/core-way.de\/pt\/wp-json\/wp\/v2\/posts\/1213\/revisions"}],"predecessor-version":[{"id":4179,"href":"https:\/\/core-way.de\/pt\/wp-json\/wp\/v2\/posts\/1213\/revisions\/4179"}],"wp:featuredmedia":[{"embeddable":true,"href":"https:\/\/core-way.de\/pt\/wp-json\/wp\/v2\/media\/3433"}],"wp:attachment":[{"href":"https:\/\/core-way.de\/pt\/wp-json\/wp\/v2\/media?parent=1213"}],"wp:term":[{"taxonomy":"category","embeddable":true,"href":"https:\/\/core-way.de\/pt\/wp-json\/wp\/v2\/categories?post=1213"},{"taxonomy":"post_tag","embeddable":true,"href":"https:\/\/core-way.de\/pt\/wp-json\/wp\/v2\/tags?post=1213"}],"curies":[{"name":"wp","href":"https:\/\/api.w.org\/{rel}","templated":true}]}}