{"id":4268,"date":"2025-09-17T15:21:34","date_gmt":"2025-09-17T15:21:34","guid":{"rendered":"https:\/\/core-way.de\/?p=4268"},"modified":"2025-09-17T15:26:33","modified_gmt":"2025-09-17T15:26:33","slug":"fuenf-ced-mythen-auf-dem-pruefstand-2","status":"publish","type":"post","link":"https:\/\/core-way.de\/fr\/fuenf-ced-mythen-auf-dem-pruefstand-2\/","title":{"rendered":"Cinq mythes sur la CED au banc d'essai"},"content":{"rendered":"<h2 class=\"wp-block-heading\"><span style=\"color: var(--ast-global-color-3);\" class=\"stk-highlight\">Cinq mythes sur la CED au banc d'essai<\/span><\/h2>\n\n\n\n<div class=\"wp-block-stackable-text stk-block-text stk-block stk-a535e74\" data-block-id=\"a535e74\"><style>.stk-a535e74 .stk-block-text__text{font-family:\"Figtree\", Sans-serif !important;}<\/style><p class=\"stk-block-text__text\">Menschen mit einer chronisch-entz\u00fcndlichen Darmerkrankung m\u00fcssen neben den k\u00f6rperlichen Beschwerden oftmals auch mit den Vorurteilen und falschen Vorstellungen Anderer umgehen. Da CED unter anderem noch relativ unerforscht ist und zugleich mit den unterschiedlichsten Heilversprechen geworben wird, entsteht ein g\u00fcnstiges Umfeld f\u00fcr die Entstehung und Verbreitung von Mythen. Mittlerweile kursieren zahlreiche falsche Aussagen \u00fcber Ursache, Verlauf und Behandlung von Morbus Crohn und Colitis ulcerosa und halten sich hartn\u00e4ckig in den K\u00f6pfen der Menschen. Von Halbwahrheiten bis hin zu falschen Behauptungen ist oftmals alles mit dabei. Dieser Blogbeitrag r\u00e4umt mit f\u00fcnf g\u00e4ngigen Mythen auf und zeigt die tats\u00e4chliche Faktenlage. Ziel ist es, durch fundiertes Wissen Menschen mit einer chronisch-entz\u00fcndlichen Darmerkrankung besser verstehen und unterst\u00fctzen zu k\u00f6nnen.\u00a0<\/p><\/div>\n\n\n\n<div style=\"height:10px\" aria-hidden=\"true\" class=\"wp-block-spacer\"><\/div>\n\n\n\n<div class=\"wp-block-stackable-image stk-block-image stk-block stk-6852c3a\" data-block-id=\"6852c3a\"><figure><span class=\"stk-img-wrapper stk-image--shape-stretch\"><img loading=\"lazy\" decoding=\"async\" class=\"stk-img wp-image-4246\" src=\"https:\/\/core-way.de\/wp-content\/uploads\/2025\/09\/Bilder-Blogbeitraege-1.png\" width=\"1366\" height=\"768\" srcset=\"https:\/\/core-way.de\/wp-content\/uploads\/2025\/09\/Bilder-Blogbeitraege-1.png 1366w, https:\/\/core-way.de\/wp-content\/uploads\/2025\/09\/Bilder-Blogbeitraege-1-300x169.png 300w, https:\/\/core-way.de\/wp-content\/uploads\/2025\/09\/Bilder-Blogbeitraege-1-1024x576.png 1024w, https:\/\/core-way.de\/wp-content\/uploads\/2025\/09\/Bilder-Blogbeitraege-1-768x432.png 768w, https:\/\/core-way.de\/wp-content\/uploads\/2025\/09\/Bilder-Blogbeitraege-1-480x270.png 480w, https:\/\/core-way.de\/wp-content\/uploads\/2025\/09\/Bilder-Blogbeitraege-1-18x10.png 18w\" sizes=\"auto, (max-width: 1366px) 100vw, 1366px\" \/><\/span><\/figure><\/div>\n\n\n\n<div class=\"wp-block-stackable-columns aligncenter stk-block-columns stk-block stk-adb644b\" data-block-id=\"adb644b\"><div class=\"stk-row stk-inner-blocks has-text-align-left stk-block-content stk-content-align stk-adb644b-column\">\n<div class=\"wp-block-stackable-column stk-block-column stk-column stk-block stk-cf0fc90\" data-v=\"4\" data-block-id=\"cf0fc90\"><div class=\"stk-column-wrapper stk-block-column__content stk-container stk-cf0fc90-container stk--no-background stk--no-padding\"><div class=\"stk-block-content stk-inner-blocks stk-cf0fc90-inner-blocks\">\t\t\t\t<div class=\"wp-block-uagb-table-of-contents uagb-toc__align-left uagb-toc__columns-1  uagb-block-c8c16133\"\n\t\t\t\t\tdata-scroll= \"1\"\n\t\t\t\t\tdata-offset= \"30\"\n\t\t\t\t\tstyle=\"\"\n\t\t\t\t>\n\t\t\t\t<div class=\"uagb-toc__wrap\">\n\t\t\t\t\t\t<div class=\"uagb-toc__title\">\n\t\t\t\t\t\t\t<strong><span style=\"color: var(--ast-global-color-3)\" class=\"stk-highlight\">Contenu<\/span><\/strong>\t\t\t\t\t\t<\/div>\n\t\t\t\t\t\t\t\t\t\t\t\t\t\t\t\t\t\t\t\t\t\t<div class=\"uagb-toc__list-wrap\">\n\t\t\t\t\t\t<ol class=\"uagb-toc__list\"><li class=\"uagb-toc__list\"><a href=\"#f\u00fcnf-ced-mythen-auf-dem-pr\u00fcfstand\" class=\"uagb-toc-link__trigger\">Cinq mythes sur la CED au banc d'essai<\/a><li class=\"uagb-toc__list\"><a href=\"#1-mythos-eine-ced-kann-durch-eine-ern\u00e4hrungsumstellung-geheilt-werden\" class=\"uagb-toc-link__trigger\">1. Mythos: Eine CED kann durch eine Ern\u00e4hrungsumstellung geheilt werden<\/a><li class=\"uagb-toc__list\"><a href=\"#2-mythos-eine-ced-betrifft-lediglich-den-darm\" class=\"uagb-toc-link__trigger\">2. Mythos: Eine CED betrifft lediglich den Darm<\/a><li class=\"uagb-toc__list\"><a href=\"#3-mythos-eine-ced-ist-dasselbe-wie-ein-reizdarm\" class=\"uagb-toc-link__trigger\">3. Mythos: Eine CED ist dasselbe wie ein Reizdarm<\/a><li class=\"uagb-toc__list\"><a href=\"#4-mythos-eine-ced-ist-ansteckend\" class=\"uagb-toc-link__trigger\">4. Mythos: Eine CED ist ansteckend<\/a><li class=\"uagb-toc__list\"><a href=\"#5-mythos-ced-betroffene-sind-gesund-wenn-sie-gesund-aussehen\" class=\"uagb-toc-link__trigger\">5. Mythos: CED-Betroffene sind gesund, wenn sie gesund aussehen<\/a><li class=\"uagb-toc__list\"><a href=\"#quick-facts\" class=\"uagb-toc-link__trigger\">Faits rapides :<\/a><li class=\"uagb-toc__list\"><a href=\"#weitere-interessante-artikel\" class=\"uagb-toc-link__trigger\">Autres articles int\u00e9ressants<\/a><\/ol>\t\t\t\t\t<\/div>\n\t\t\t\t\t\t\t\t\t<\/div>\n\t\t\t\t<\/div>\n\t\t\t<\/div><\/div><\/div>\n<\/div><\/div>\n\n\n\n<div class=\"wp-block-stackable-heading stk-block-heading stk-block-heading--v2 stk-block stk-4aee19d\" id=\"span-style-color-var-ast-global-color-3-class-stk-highlight-uberschrift-1-u-span\" data-block-id=\"4aee19d\"><style>.stk-4aee19d .stk-block-heading__text{font-family:\"Figtree\", Sans-serif !important;}<\/style><h2 class=\"stk-block-heading__text\"><strong><span style=\"color: var(--ast-global-color-3);\" class=\"stk-highlight\">1. Mythos: Eine CED kann durch eine Ern\u00e4hrungsumstellung geheilt werden<\/span><\/strong><\/h2><\/div>\n\n\n\n<div class=\"wp-block-stackable-text stk-block-text stk-block stk-a8132ad\" data-block-id=\"a8132ad\"><style>.stk-a8132ad .stk-block-text__text{font-family:\"Figtree\", Sans-serif !important;}<\/style><p class=\"stk-block-text__text\">Die Vorstellung, dass eine bestimmte Ern\u00e4hrungsweise eine CED heilen k\u00f6nnte, h\u00e4lt sich hartn\u00e4ckig, ist allerdings ein Mythos. Grund daf\u00fcr ist, dass eine CED chronisch ist und damit ein Leben lang besteht. Dennoch kann eine ausgewogene, an individuelle Unvertr\u00e4glichkeiten und die aktuelle Krankheitsphase angepasste Ern\u00e4hrung helfen, Mangelzust\u00e4nden vorzubeugen und den Verlauf von Morbus Crohn oder Colitis ulcerosa positiv zu beeinflussen. Somit ersetzt die Ern\u00e4hrung keine medizinische Behandlung, kann aber entscheidend dazu beitragen, die Lebensqualit\u00e4t von Menschen mit einer chronisch-entz\u00fcndlichen Darmerkrankung zu verbessern und hat damit dennoch einen hohen Stellenwert im Alltag.<\/p><\/div>\n\n\n\n<div class=\"wp-block-stackable-heading stk-block-heading stk-block-heading--v2 stk-block stk-feb9abf\" id=\"span-style-color-var-ast-global-color-3-class-stk-highlight-uberschrift-1-u-span\" data-block-id=\"feb9abf\"><style>.stk-feb9abf .stk-block-heading__text{font-family:\"Figtree\", Sans-serif !important;}<\/style><h2 class=\"stk-block-heading__text\"><strong><span style=\"color: var(--ast-global-color-3);\" class=\"stk-highlight\">2. Mythos: Eine CED betrifft lediglich den Darm<\/span><\/strong><\/h2><\/div>\n\n\n\n<div class=\"wp-block-stackable-text stk-block-text stk-block stk-0724b04\" data-block-id=\"0724b04\"><style>.stk-0724b04 .stk-block-text__text{font-family:\"Figtree\", Sans-serif !important;}<\/style><p class=\"stk-block-text__text\">Oft wird angenommen, dass sich eine chronisch-entz\u00fcndliche Darmerkrankung ausschlie\u00dflich auf den Darm beschr\u00e4nkt. Auch das ist ein Mythos, denn bei Morbus Crohn kann der gesamte Verdauungstrakt vom Mund bis zum After betroffen sein. Dar\u00fcber hinaus k\u00f6nnen ebenfalls sogenannte <a href=\"https:\/\/core-way.de\/fr\/krankheitsbilder-bei-morbus-crohn-und-colitis-ulcerosa-die-du-sicher-noch-nicht-kennst\/\">extraintestinale Manifestationen, also Beschwerden au\u00dferhalb des Darms,<\/a> auftreten. Dazu z\u00e4hlen unter anderem Gelenkentz\u00fcndungen, Hautver\u00e4nderungen, psychische Belastungen oder Augen- und Leberentz\u00fcndungen. Auch wenn solche Begleiterscheinungen bei Morbus Crohn h\u00e4ufiger zu beobachten sind, k\u00f6nnen diese ebenfalls bei einer Colitis ulcerosa auftreten und sollten entsprechend ernst genommen und mit dem behandelnden Gastroenterologen oder der behandelnden Gastroenterologin besprochen werden. Zusammenfassend l\u00e4sst sich sagen, dass eine CED eine systemische Erkrankung, die den gesamten K\u00f6rper betreffen kann, ist.<\/p><\/div>\n\n\n\n<div class=\"wp-block-stackable-heading stk-block-heading stk-block-heading--v2 stk-block stk-80365a2\" id=\"span-style-color-var-ast-global-color-3-class-stk-highlight-uberschrift-1-u-span\" data-block-id=\"80365a2\"><style>.stk-80365a2 .stk-block-heading__text{font-family:\"Figtree\", Sans-serif !important;}<\/style><h2 class=\"stk-block-heading__text\"><strong><span style=\"color: var(--ast-global-color-3);\" class=\"stk-highlight\">3. Mythos: Eine CED ist dasselbe wie ein Reizdarm<\/span><\/strong><\/h2><\/div>\n\n\n\n<div class=\"wp-block-stackable-text stk-block-text stk-block stk-ee2d324\" data-block-id=\"ee2d324\"><style>.stk-ee2d324 .stk-block-text__text{font-family:\"Figtree\", Sans-serif !important;}<\/style><p class=\"stk-block-text__text\">Auf den ersten Blick scheint eine chronisch-entz\u00fcndliche Darmerkrankung und das Reizdarmsyndrom \u00e4hnliche Beschwerden wie beispielsweise Bauchschmerzen, Durchfall oder Bl\u00e4hungen zu verursachen. Dennoch handelt es sich bei einer CED und dem Reizdarmsyndrom um zwei klar voneinander abzugrenzende Krankheitsbilder. W\u00e4hrend bei einer CED eine Entz\u00fcndung im Darm vorliegt, fehlt bei dem Reizdarmsyndrom diese entz\u00fcndliche Ver\u00e4nderung. Da sich ebenfalls die Therapieans\u00e4tze der beiden Erkrankungen unterscheiden, ist bei auftretenden Symptomen eine fr\u00fchzeitige Diagnosestellung durch die behandelnden Fach\u00e4rzt:innen besonders wichtig.<\/p><\/div>\n\n\n\n<div class=\"wp-block-stackable-heading stk-block-heading stk-block-heading--v2 stk-block stk-5cdd55e\" id=\"span-style-color-var-ast-global-color-3-class-stk-highlight-uberschrift-1-u-span\" data-block-id=\"5cdd55e\"><style>.stk-5cdd55e .stk-block-heading__text{font-family:\"Figtree\", Sans-serif !important;}<\/style><h2 class=\"stk-block-heading__text\"><strong><span style=\"color: var(--ast-global-color-3);\" class=\"stk-highlight\">4. Mythos: Eine CED ist ansteckend<\/span><\/strong><\/h2><\/div>\n\n\n\n<div class=\"wp-block-stackable-text stk-block-text stk-block stk-a061929\" data-block-id=\"a061929\"><style>.stk-a061929 .stk-block-text__text{font-family:\"Figtree\", Sans-serif !important;}<\/style><p class=\"stk-block-text__text\">Ein weiterer weit verbreiteter Irrglaube ist, dass Morbus Crohn oder Colitis ulcerosa ansteckend sind. Eine CED entsteht anders als Magen-Darm-Infekte nicht durch \u00fcbertragbare Viren oder Bakterien, sondern h\u00e4ngt mit dem k\u00f6rpereigenen Abwehrsystem zusammen. Die genauen Ursachen sind allerdings bis heute nicht vollst\u00e4ndig gekl\u00e4rt. Vermutet wird ein komplexes Zusammenspiel aus genetischen Veranlagungen, Umwelteinfl\u00fcssen und immunologischen Faktoren.<\/p><\/div>\n\n\n\n<div class=\"wp-block-stackable-heading stk-block-heading stk-block-heading--v2 stk-block stk-cefc74a\" id=\"span-style-color-var-ast-global-color-3-class-stk-highlight-uberschrift-1-u-span\" data-block-id=\"cefc74a\"><style>.stk-cefc74a .stk-block-heading__text{font-family:\"Figtree\", Sans-serif !important;}<\/style><h2 class=\"stk-block-heading__text\"><strong><span style=\"color: var(--ast-global-color-3);\" class=\"stk-highlight\">5. Mythos: CED-Betroffene sind gesund, wenn sie gesund aussehen<\/span><\/strong><\/h2><\/div>\n\n\n\n<div class=\"wp-block-stackable-text stk-block-text stk-block stk-76e92a3\" data-block-id=\"76e92a3\"><style>.stk-76e92a3 .stk-block-text__text{font-family:\"Figtree\", Sans-serif !important;}<\/style><p class=\"stk-block-text__text\">Eine chronisch-entz\u00fcndliche Darmerkrankung hat oftmals weitreichende, aber manchmal nicht auf den ersten Blick erkennbare Auswirkungen auf den Alltag der Betroffenen. Da Beschwerden wie Durchfall, Bl\u00e4hungen und Bauchschmerzen gesellschaftlich noch immer schambehaftet sind, vermeiden es viele CED-Patient:innen, offen dar\u00fcber zu sprechen. Zudem ist die Erkrankung bei vielen Betroffenen von au\u00dfen nicht direkt erkennbar, weshalb viele CED-Patient:innen im Alltag auf Unverst\u00e4ndnis sto\u00dfen. Wichtig ist daher, sich bewusst zu machen, dass eine CED nicht immer auf den ersten Blick erkennbar ist und nicht aufgrund von \u00c4u\u00dferlichkeiten geurteilt, sondern sensibel und empathisch mit dem Thema umgegangen werden sollte.<\/p><\/div>\n\n\n\n<div class=\"wp-block-stackable-columns stk-block-columns stk-block stk-d5d3736\" data-block-id=\"d5d3736\"><div class=\"stk-row stk-inner-blocks stk-block-content stk-content-align stk-d5d3736-column\">\n<div class=\"wp-block-stackable-column stk-block-column stk-column stk-block stk-a80fb03 stk-block-background\" data-v=\"4\" data-block-id=\"a80fb03\"><style>.stk-a80fb03 {background-color:var(--ast-global-color-2) !important;}.stk-a80fb03:before{background-color:var(--ast-global-color-2) !important;}<\/style><div class=\"stk-column-wrapper stk-block-column__content stk-container stk-a80fb03-container stk--no-background stk--no-padding\"><div class=\"stk-block-content stk-inner-blocks stk-a80fb03-inner-blocks\">\n<div class=\"wp-block-stackable-heading stk-block-heading stk-block-heading--v2 stk-block stk-bf07330\" id=\"quick-facts\" data-block-id=\"bf07330\"><h2 class=\"stk-block-heading__text\">Faits rapides :<\/h2><\/div>\n\n\n\n<p>Die Auseinandersetzung mit den f\u00fcnf Mythen rund um chronisch-entz\u00fcndliche Darmerkrankungen zeigt, wie wichtig fundiertes Wissen \u00fcber eine CED ist, um Missverst\u00e4ndnisse und Vorurteile zu vermeiden.<\/p>\n\n\n\n<p>Je besser Au\u00dfenstehende und der Betroffene selbst \u00fcber eine CED informiert sind, desto mehr Verst\u00e4ndnis und Unterst\u00fctzung k\u00f6nnen Menschen mit Morbus Crohn oder Colitis ulcerosa erfahren und auf diese Weise ihre Lebensqualit\u00e4t verbessern.<\/p>\n<\/div><\/div><\/div>\n<\/div><\/div>\n\n\n\n<details class=\"wp-block-stackable-accordion stk-block-accordion stk-inner-blocks stk-block-content stk-block stk-3a889f6 is-style-default\" data-block-id=\"3a889f6\"><style>.stk-3a889f6 {margin-bottom:0px !important;}<\/style>\n<summary class=\"wp-block-stackable-column stk-block-column stk-column stk-block stk-f479e95 stk--container-small stk-block-accordion__heading\" data-v=\"4\" data-block-id=\"f479e95\"><style>.stk-f479e95 {border-top-left-radius:0px !important;border-top-right-radius:0px !important;border-bottom-right-radius:0px !important;border-bottom-left-radius:0px !important;overflow:hidden !important;box-shadow:none !important;border-color:var(--ast-global-color-4) !important;}.stk-f479e95-container{background-color:var(--ast-global-color-4) !important;}.stk-f479e95-container:before{background-color:var(--ast-global-color-4) !important;}<\/style><div class=\"stk-column-wrapper stk-block-column__content stk-container stk-f479e95-container stk-hover-parent\"><div class=\"stk-block-content stk-inner-blocks stk-f479e95-inner-blocks\">\n<div class=\"wp-block-stackable-icon-label stk-block-icon-label stk-block stk-078fb99\" data-block-id=\"078fb99\"><div class=\"stk-row stk-inner-blocks stk-block-content\">\n<div class=\"wp-block-stackable-heading stk-block-heading stk-block-heading--v2 stk-block stk-a15b6d4 stk-block-background\" id=\"span-style-color-var-ast-global-color-5-class-stk-highlight-quellen-span\" data-block-id=\"a15b6d4\"><style>.stk-a15b6d4 {background-color:var(--ast-global-color-4) !important;border-style:solid !important;border-top-width:0px !important;border-right-width:0px !important;border-bottom-width:0px !important;border-left-width:0px !important;}.stk-a15b6d4:before{background-color:var(--ast-global-color-4) !important;}.stk-a15b6d4 .stk-block-heading__text{font-family:\"Figtree\", Sans-serif !important;}<\/style><h4 class=\"stk-block-heading__text\"><span style=\"color: var(--ast-global-color-5);\" class=\"stk-highlight\">Sources<\/span><\/h4><\/div>\n\n\n\n<div class=\"wp-block-stackable-icon stk-block-icon stk-block stk-d17f4a5\" data-block-id=\"d17f4a5\"><style>.stk-d17f4a5 {border-top-width:0px !important;border-right-width:0px !important;border-bottom-width:0px !important;border-left-width:0px !important;}<\/style><span class=\"stk--svg-wrapper\"><div class=\"stk--inner-svg\"><svg style=\"height:0;width:0\"><defs><lineargradient id=\"linear-gradient-d17f4a5\" x1=\"0\" x2=\"100%\" y1=\"0\" y2=\"0\"><stop offset=\"0%\" style=\"stop-opacity:1;stop-color:var(--linear-gradient-d-17-f-4-a-5-color-1)\"><\/stop><stop offset=\"100%\" style=\"stop-opacity:1;stop-color:var(--linear-gradient-d-17-f-4-a-5-color-2)\"><\/stop><\/lineargradient><\/defs><\/svg><svg data-prefix=\"fas\" data-icon=\"chevron-down\" class=\"svg-inline--fa fa-chevron-down fa-w-14\" xmlns=\"http:\/\/www.w3.org\/2000\/svg\" viewbox=\"0 0 448 512\" aria-hidden=\"true\" width=\"32\" height=\"32\"><path fill=\"currentColor\" d=\"M207.029 381.476L12.686 187.132c-9.373-9.373-9.373-24.569 0-33.941l22.667-22.667c9.357-9.357 24.522-9.375 33.901-.04L224 284.505l154.745-154.021c9.379-9.335 24.544-9.317 33.901.04l22.667 22.667c9.373 9.373 9.373 24.569 0 33.941L240.971 381.476c-9.373 9.372-24.569 9.372-33.942 0z\"><\/path><\/svg><\/div><\/span><\/div>\n<\/div><\/div>\n<\/div><\/div><\/summary>\n\n\n\n<div class=\"wp-block-stackable-column stk-block-column stk-column stk-block stk-9e131e1 stk-block-accordion__content\" data-v=\"4\" data-block-id=\"9e131e1\"><div class=\"stk-column-wrapper stk-block-column__content stk-container stk-9e131e1-container stk--no-background stk--no-padding\"><div class=\"stk-block-content stk-inner-blocks stk-9e131e1-inner-blocks\">\n<p>Journalmed. (2023, November 22). 8 Mythen um chronisch-entz\u00fcndliche Darmerkrankungen. Journalmed. <a href=\"https:\/\/www.journalmed.de\/patienteninfos\/8-mythen-chronisch-entzuendliche-darmerkrankungen-ced\">https:\/\/www.journalmed.de\/patienteninfos\/8-mythen-chronisch-entzuendliche-darmerkrankungen-ced<\/a><\/p>\n\n\n\n<p>Meincareplus. Mythen und Klischees. Meincareplus. <a href=\"https:\/\/www.meincareplus.de\/de_DE\/home\/therapiegebiete\/darm\/wissenswertes-darm\/krankheitsmythen-darm.html#:~:text=Erfahren%20Sie%20hier%2C%20was%20an%20den%20popul%C3%A4rsten%20Mythen,Wunder-Di%C3%A4ten%20auf%2C%20die%20eine%20CED%20angeblich%20heilen%20k%C3%B6nnen\">https:\/\/www.meincareplus.de\/de_DE\/home\/therapiegebiete\/darm\/wissenswertes-darm\/krankheitsmythen-darm.html#:~:text=Erfahren%20Sie%20hier%2C%20was%20an%20den%20popul%C3%A4rsten%20Mythen,Wunder-Di%C3%A4ten%20auf%2C%20die%20eine%20CED%20angeblich%20heilen%20k%C3%B6nnen<\/a><\/p>\n\n\n\n<p>Pfizer. Fakten und Mythen zu chronisch entz\u00fcndlichen Darmerkrankungen (CED). Pfizer. <a href=\"https:\/\/www.pfizer.at\/unternehmen\/verantwortung\/check-deine-fakten\/fakten-und-mythen-ced\">https:\/\/www.pfizer.at\/unternehmen\/verantwortung\/check-deine-fakten\/fakten-und-mythen-ced<\/a><\/p>\n\n\n\n<p>r-biopharm. (2017, Mai 18). Zum World IBD Day: 5 Mythen zu chronisch entz\u00fcndlichen Darmerkrankungen. r-biopharm. https:\/\/clinical.r-biopharm.com\/de\/news\/world-ibd-day-five-myths-inflammatory-bowel-diseases\/<\/p>\n<\/div><\/div><\/div>\n<\/details>\n\n\n\n<div style=\"height:10px\" aria-hidden=\"true\" class=\"wp-block-spacer\"><\/div>\n\n\n\n<div class=\"wp-block-stackable-heading stk-block-heading stk-block-heading--v2 stk-block stk-e37d4b7\" id=\"span-style-color-var-ast-global-color-3-class-stk-highlight-weitere-interessante-artikel-span\" data-block-id=\"e37d4b7\"><style>.stk-e37d4b7 .stk-block-heading__text{font-family:\"Figtree\", Sans-serif !important;}<\/style><h2 class=\"stk-block-heading__text\"><span style=\"color: var(--ast-global-color-3);\" class=\"stk-highlight\">Autres articles int\u00e9ressants<\/span><\/h2><\/div>\n\n\n\n<div class=\"wp-block-stackable-feature-grid stk-block-feature-grid stk-block-columns stk-block stk-50fc686 is-style-default\" data-block-id=\"50fc686\"><style>.stk-50fc686-column{--stk-columns-spacing:0px !important;}<\/style><div class=\"stk-row stk-inner-blocks has-text-align-left stk-block-content stk-content-align stk-50fc686-column\">\n<div class=\"wp-block-stackable-column stk-block-column stk-column stk-block stk-3e980d6\" data-v=\"4\" data-block-id=\"3e980d6\"><div class=\"stk-column-wrapper stk-block-column__content stk-container stk-3e980d6-container stk-hover-parent\"><div class=\"stk-block-content stk-inner-blocks stk-3e980d6-inner-blocks\">\n<div class=\"wp-block-stackable-image stk-block-image stk-block stk-4c33f1c\" data-block-id=\"4c33f1c\"><figure><span class=\"stk-img-wrapper stk-image--shape-stretch\"><img loading=\"lazy\" decoding=\"async\" class=\"stk-img wp-image-3392\" src=\"https:\/\/core-way.de\/wp-content\/uploads\/2025\/02\/Bilder-Blogbeitraege-3.png\" width=\"1366\" height=\"768\" srcset=\"https:\/\/core-way.de\/wp-content\/uploads\/2025\/02\/Bilder-Blogbeitraege-3.png 1366w, https:\/\/core-way.de\/wp-content\/uploads\/2025\/02\/Bilder-Blogbeitraege-3-300x169.png 300w, https:\/\/core-way.de\/wp-content\/uploads\/2025\/02\/Bilder-Blogbeitraege-3-1024x576.png 1024w, https:\/\/core-way.de\/wp-content\/uploads\/2025\/02\/Bilder-Blogbeitraege-3-768x432.png 768w, https:\/\/core-way.de\/wp-content\/uploads\/2025\/02\/Bilder-Blogbeitraege-3-480x270.png 480w, https:\/\/core-way.de\/wp-content\/uploads\/2025\/02\/Bilder-Blogbeitraege-3-18x10.png 18w\" sizes=\"auto, (max-width: 1366px) 100vw, 1366px\" \/><\/span><\/figure><\/div>\n\n\n\n<div class=\"wp-block-stackable-text stk-block-text stk-block stk-5e3acd6\" data-block-id=\"5e3acd6\"><p class=\"stk-block-text__text\"><strong>Le microbiome comme cl\u00e9 - Nouveau traitement de la maladie de Crohn<\/strong><\/p><\/div>\n\n\n\n<div class=\"wp-block-stackable-text stk-block-text stk-block stk-c3b2eb4\" data-block-id=\"c3b2eb4\"><p class=\"stk-block-text__text\">La maladie de Crohn est une maladie inflammatoire chronique de l'intestin (MICI) qui affecte la vie de millions de personnes dans le monde. Un traitement qui a fait ses preuves est ce que l'on appelle la <strong>alimentation ent\u00e9rale exclusive (EEN)<\/strong> - une alimentation liquide sp\u00e9ciale que les patients consomment \u00e0 la place des aliments solides pendant six \u00e0 huit semaines. Cette m\u00e9thode s'est r\u00e9v\u00e9l\u00e9e extr\u00eamement efficace, mais on ne savait pas encore pourquoi elle aidait.<\/p><\/div>\n\n\n\n<div class=\"wp-block-stackable-button-group stk-block-button-group stk-block stk-9dba7e2\" data-block-id=\"9dba7e2\"><div class=\"stk-row stk-inner-blocks stk-block-content stk-button-group\">\n<div class=\"wp-block-stackable-button stk-block-button is-style-ghost stk-block stk-3f2b27d\" data-block-id=\"3f2b27d\"><style>.stk-3f2b27d .stk-button{background:var(--ast-global-color-2) !important;}.stk-3f2b27d .stk-button:hover:after{background:transparent !important;opacity:1 !important;}:where(.stk-hover-parent:hover,  .stk-hover-parent.stk--is-hovered) .stk-3f2b27d .stk-button:after{background:transparent !important;opacity:1 !important;}.stk-3f2b27d .stk-button:before{border-style:solid !important;border-color:var(--ast-global-color-0) !important;}.stk-3f2b27d .stk-button .stk--inner-svg svg:last-child, .stk-3f2b27d .stk-button .stk--inner-svg svg:last-child :is(g, path, rect, polygon, ellipse){fill:var(--ast-global-color-6) !important;}.stk-3f2b27d .stk-button__inner-text{color:var(--ast-global-color-7) !important;}<\/style><a class=\"stk-link stk-button stk--hover-effect-darken\" href=\"https:\/\/core-way.de\/fr\/mikrobiom-studie\/\" title=\"Vers l&#039;article\" target=\"_blank\" rel=\"noreferrer noopener\"><span class=\"has-text-color stk-button__inner-text\">Vers l'article<\/span><\/a><\/div>\n<\/div><\/div>\n<\/div><\/div><\/div>\n\n\n\n<div class=\"wp-block-stackable-column stk-block-column stk-column stk-block stk-2e5b5ab\" data-v=\"4\" data-block-id=\"2e5b5ab\"><div class=\"stk-column-wrapper stk-block-column__content stk-container stk-2e5b5ab-container stk-hover-parent\"><div class=\"stk-block-content stk-inner-blocks stk-2e5b5ab-inner-blocks\">\n<div class=\"wp-block-stackable-image stk-block-image stk-block stk-554a541\" data-block-id=\"554a541\"><style>.stk-554a541 .stk-img-wrapper{width:82% !important;height:188px !important;}<\/style><figure><span class=\"stk-img-wrapper stk-image--shape-stretch\"><img loading=\"lazy\" decoding=\"async\" class=\"stk-img wp-image-3830\" src=\"https:\/\/core-way.de\/wp-content\/uploads\/2025\/07\/pexels-pixabay-40568-scaled.jpg\" width=\"2560\" height=\"1707\" srcset=\"https:\/\/core-way.de\/wp-content\/uploads\/2025\/07\/pexels-pixabay-40568-scaled.jpg 2560w, https:\/\/core-way.de\/wp-content\/uploads\/2025\/07\/pexels-pixabay-40568-300x200.jpg 300w, https:\/\/core-way.de\/wp-content\/uploads\/2025\/07\/pexels-pixabay-40568-1024x683.jpg 1024w, https:\/\/core-way.de\/wp-content\/uploads\/2025\/07\/pexels-pixabay-40568-768x512.jpg 768w, https:\/\/core-way.de\/wp-content\/uploads\/2025\/07\/pexels-pixabay-40568-1536x1024.jpg 1536w, https:\/\/core-way.de\/wp-content\/uploads\/2025\/07\/pexels-pixabay-40568-2048x1365.jpg 2048w\" sizes=\"auto, (max-width: 2560px) 100vw, 2560px\" \/><\/span><\/figure><\/div>\n\n\n\n<div class=\"wp-block-stackable-text stk-block-text stk-block stk-800e0ba\" data-block-id=\"800e0ba\"><p class=\"stk-block-text__text\"><strong>Approches th\u00e9rapeutiques de la maladie de Crohn sur la base des lignes directrices S3<\/strong><\/p><\/div>\n\n\n\n<div class=\"wp-block-stackable-text stk-block-text stk-block stk-2f7230b\" data-block-id=\"2f7230b\"><p class=\"stk-block-text__text\">Le traitement des maladies inflammatoires chroniques de l'intestin est difficile et d\u00e9pend de la <strong>Gravit\u00e9 de la maladie<\/strong> \u00e0 partir de. La maladie de Crohn et la colite ulc\u00e9reuse sont deux des maladies inflammatoires chroniques de l'intestin les plus r\u00e9pandues. La maladie, la maladie de Crohn, peut toucher l'ensemble du tractus gastro-intestinal, c'est-\u00e0-dire qu'elle peut commencer au niveau de l'\u0153sophage et s'\u00e9tendre jusqu'\u00e0 l'anus. <\/p><\/div>\n\n\n\n<div class=\"wp-block-stackable-button-group stk-block-button-group stk-block stk-b5a6885\" data-block-id=\"b5a6885\"><div class=\"stk-row stk-inner-blocks stk-block-content stk-button-group\">\n<div class=\"wp-block-stackable-button stk-block-button is-style-ghost stk-block stk-f91979c\" data-block-id=\"f91979c\"><style>.stk-f91979c .stk-button{background:var(--ast-global-color-2) !important;}.stk-f91979c .stk-button:hover:after{background:transparent !important;opacity:1 !important;}:where(.stk-hover-parent:hover,  .stk-hover-parent.stk--is-hovered) .stk-f91979c .stk-button:after{background:transparent !important;opacity:1 !important;}.stk-f91979c .stk-button:before{border-style:solid !important;border-color:var(--ast-global-color-0) !important;}.stk-f91979c .stk-button .stk--inner-svg svg:last-child, .stk-f91979c .stk-button .stk--inner-svg svg:last-child :is(g, path, rect, polygon, ellipse){fill:var(--ast-global-color-6) !important;}.stk-f91979c .stk-button__inner-text{color:var(--ast-global-color-7) !important;}<\/style><a class=\"stk-link stk-button stk--hover-effect-darken\" href=\"https:\/\/core-way.de\/fr\/therapieansaetze-bei-morbus-crohn-auf-grundlage-der-s3-leitlinien\/\" target=\"_blank\" rel=\"noreferrer noopener\"><span class=\"has-text-color stk-button__inner-text\">Vers l'article<\/span><\/a><\/div>\n<\/div><\/div>\n<\/div><\/div><\/div>\n\n\n\n<div class=\"wp-block-stackable-column stk-block-column stk-column stk-block stk-56de09b\" data-v=\"4\" data-block-id=\"56de09b\"><div class=\"stk-column-wrapper stk-block-column__content stk-container stk-56de09b-container stk-hover-parent\"><div class=\"stk-block-content stk-inner-blocks stk-56de09b-inner-blocks\">\n<div class=\"wp-block-stackable-image stk-block-image stk-block stk-92167d0\" data-block-id=\"92167d0\"><figure><span class=\"stk-img-wrapper stk-image--shape-stretch\"><img loading=\"lazy\" decoding=\"async\" class=\"stk-img wp-image-3433\" src=\"https:\/\/core-way.de\/wp-content\/uploads\/2024\/05\/Bilder-Blogbeitraege-8.png\" width=\"1366\" height=\"768\" srcset=\"https:\/\/core-way.de\/wp-content\/uploads\/2024\/05\/Bilder-Blogbeitraege-8.png 1366w, https:\/\/core-way.de\/wp-content\/uploads\/2024\/05\/Bilder-Blogbeitraege-8-300x169.png 300w, https:\/\/core-way.de\/wp-content\/uploads\/2024\/05\/Bilder-Blogbeitraege-8-1024x576.png 1024w, https:\/\/core-way.de\/wp-content\/uploads\/2024\/05\/Bilder-Blogbeitraege-8-768x432.png 768w, https:\/\/core-way.de\/wp-content\/uploads\/2024\/05\/Bilder-Blogbeitraege-8-480x270.png 480w, https:\/\/core-way.de\/wp-content\/uploads\/2024\/05\/Bilder-Blogbeitraege-8-18x10.png 18w\" sizes=\"auto, (max-width: 1366px) 100vw, 1366px\" \/><\/span><\/figure><\/div>\n\n\n\n<div class=\"wp-block-stackable-text stk-block-text stk-block stk-c155812\" data-block-id=\"c155812\"><p class=\"stk-block-text__text\"><strong>Traitement de la colite ulc\u00e9reuse - Approches th\u00e9rapeutiques actuelles bas\u00e9es sur les lignes directrices S3<\/strong><\/p><\/div>\n\n\n\n<div class=\"wp-block-stackable-text stk-block-text stk-block stk-762284a\" data-block-id=\"762284a\"><p class=\"stk-block-text__text\">Le traitement de la colite ulc\u00e9reuse (CU) poursuit plusieurs objectifs. D'une part, il s'agit de r\u00e9duire l'inflammation dans l'intestin et, d'autre part, de soulager les sympt\u00f4mes. En outre, le traitement vise une r\u00e9mission \u00e0 long terme. Id\u00e9alement, sans avoir recours aux corticost\u00e9ro\u00efdes. Quelles sont les possibilit\u00e9s de traitement et comment sont-elles adapt\u00e9es individuellement en fonction de l'\u00e9volution et de la gravit\u00e9 de la maladie ?<\/p><\/div>\n\n\n\n<div class=\"wp-block-stackable-button-group stk-block-button-group stk-block stk-e32dc44\" data-block-id=\"e32dc44\"><div class=\"stk-row stk-inner-blocks stk-block-content stk-button-group\">\n<div class=\"wp-block-stackable-button stk-block-button is-style-ghost stk-block stk-4a737fc\" data-block-id=\"4a737fc\"><style>.stk-4a737fc .stk-button{background:var(--ast-global-color-2) !important;}.stk-4a737fc .stk-button:hover:after{background:transparent !important;opacity:1 !important;}:where(.stk-hover-parent:hover,  .stk-hover-parent.stk--is-hovered) .stk-4a737fc .stk-button:after{background:transparent !important;opacity:1 !important;}.stk-4a737fc .stk-button:before{border-style:solid !important;border-color:var(--ast-global-color-0) !important;}.stk-4a737fc .stk-button .stk--inner-svg svg:last-child, .stk-4a737fc .stk-button .stk--inner-svg svg:last-child :is(g, path, rect, polygon, ellipse){fill:var(--ast-global-color-6) !important;}.stk-4a737fc .stk-button__inner-text{color:var(--ast-global-color-7) !important;}<\/style><a class=\"stk-link stk-button stk--hover-effect-darken\" href=\"https:\/\/core-way.de\/fr\/therapie-bei-colitis-ulcerosa-aktuelle-behandlungsansaetze-auf-basis-der-s3-leitlinie\/\" target=\"_blank\" rel=\"noreferrer noopener\"><span class=\"has-text-color stk-button__inner-text\">Vers l'article<\/span><\/a><\/div>\n<\/div><\/div>\n<\/div><\/div><\/div>\n<\/div><\/div>","protected":false},"excerpt":{"rendered":"<p>Cinq mythes de la CED au banc d'essai Les personnes atteintes d'une maladie inflammatoire chronique de l'intestin doivent souvent faire face, en plus des troubles physiques, aux pr\u00e9jug\u00e9s [...].<\/p>","protected":false},"author":8,"featured_media":4252,"comment_status":"open","ping_status":"open","sticky":false,"template":"","format":"standard","meta":{"_coblocks_attr":"","_coblocks_dimensions":"","_coblocks_responsive_height":"","_coblocks_accordion_ie_support":"","inline_featured_image":false,"_uag_custom_page_level_css":"","site-sidebar-layout":"default","site-content-layout":"","ast-site-content-layout":"default","site-content-style":"default","site-sidebar-style":"default","ast-global-header-display":"","ast-banner-title-visibility":"","ast-main-header-display":"","ast-hfb-above-header-display":"","ast-hfb-below-header-display":"","ast-hfb-mobile-header-display":"","site-post-title":"disabled","ast-breadcrumbs-content":"","ast-featured-img":"","footer-sml-layout":"","ast-disable-related-posts":"","theme-transparent-header-meta":"","adv-header-id-meta":"","stick-header-meta":"","header-above-stick-meta":"","header-main-stick-meta":"","header-below-stick-meta":"","astra-migrate-meta-layouts":"default","ast-page-background-enabled":"default","ast-page-background-meta":{"desktop":{"background-color":"var(--ast-global-color-4)","background-image":"","background-repeat":"repeat","background-position":"center center","background-size":"auto","background-attachment":"scroll","background-type":"","background-media":"","overlay-type":"","overlay-color":"","overlay-opacity":"","overlay-gradient":""},"tablet":{"background-color":"","background-image":"","background-repeat":"repeat","background-position":"center center","background-size":"auto","background-attachment":"scroll","background-type":"","background-media":"","overlay-type":"","overlay-color":"","overlay-opacity":"","overlay-gradient":""},"mobile":{"background-color":"","background-image":"","background-repeat":"repeat","background-position":"center center","background-size":"auto","background-attachment":"scroll","background-type":"","background-media":"","overlay-type":"","overlay-color":"","overlay-opacity":"","overlay-gradient":""}},"ast-content-background-meta":{"desktop":{"background-color":"var(--ast-global-color-5)","background-image":"","background-repeat":"repeat","background-position":"center center","background-size":"auto","background-attachment":"scroll","background-type":"","background-media":"","overlay-type":"","overlay-color":"","overlay-opacity":"","overlay-gradient":""},"tablet":{"background-color":"var(--ast-global-color-5)","background-image":"","background-repeat":"repeat","background-position":"center center","background-size":"auto","background-attachment":"scroll","background-type":"","background-media":"","overlay-type":"","overlay-color":"","overlay-opacity":"","overlay-gradient":""},"mobile":{"background-color":"var(--ast-global-color-5)","background-image":"","background-repeat":"repeat","background-position":"center center","background-size":"auto","background-attachment":"scroll","background-type":"","background-media":"","overlay-type":"","overlay-color":"","overlay-opacity":"","overlay-gradient":""}},"_glsr_average":0,"_glsr_ranking":0,"_glsr_reviews":0,"footnotes":""},"categories":[17,166],"tags":[],"class_list":["post-4268","post","type-post","status-publish","format-standard","has-post-thumbnail","hentry","category-alltag-mit-ced","category-deutsch"],"yoast_head":"<!-- This site is optimized with the Yoast SEO plugin v27.5 - https:\/\/yoast.com\/product\/yoast-seo-wordpress\/ -->\n<title>F\u00fcnf CED-Mythen auf dem Pr\u00fcfstand - coreway<\/title>\n<meta name=\"robots\" content=\"index, follow, max-snippet:-1, max-image-preview:large, max-video-preview:-1\" \/>\n<link rel=\"canonical\" href=\"https:\/\/core-way.de\/fr\/fuenf-ced-mythen-auf-dem-pruefstand-2\/\" \/>\n<meta property=\"og:locale\" content=\"fr_FR\" \/>\n<meta property=\"og:type\" content=\"article\" \/>\n<meta property=\"og:title\" content=\"F\u00fcnf CED-Mythen auf dem Pr\u00fcfstand - coreway\" \/>\n<meta property=\"og:description\" content=\"F\u00fcnf CED-Mythen auf dem Pr\u00fcfstand Menschen mit einer chronisch-entz\u00fcndlichen Darmerkrankung m\u00fcssen neben den k\u00f6rperlichen Beschwerden oftmals auch mit den Vorurteilen [&hellip;]\" \/>\n<meta property=\"og:url\" content=\"https:\/\/core-way.de\/fr\/fuenf-ced-mythen-auf-dem-pruefstand-2\/\" \/>\n<meta property=\"og:site_name\" content=\"coreway\" \/>\n<meta property=\"article:published_time\" content=\"2025-09-17T15:21:34+00:00\" \/>\n<meta property=\"article:modified_time\" content=\"2025-09-17T15:26:33+00:00\" \/>\n<meta property=\"og:image\" content=\"https:\/\/core-way.de\/wp-content\/uploads\/2025\/09\/Bilder-Blogbeitraege-2.png\" \/>\n\t<meta property=\"og:image:width\" content=\"1366\" \/>\n\t<meta property=\"og:image:height\" content=\"768\" \/>\n\t<meta property=\"og:image:type\" content=\"image\/png\" \/>\n<meta name=\"author\" content=\"Lisa Zirk\" \/>\n<meta name=\"twitter:card\" content=\"summary_large_image\" \/>\n<meta name=\"twitter:label1\" content=\"\u00c9crit par\" \/>\n\t<meta name=\"twitter:data1\" content=\"Lisa Zirk\" \/>\n\t<meta name=\"twitter:label2\" content=\"Dur\u00e9e de lecture estim\u00e9e\" \/>\n\t<meta name=\"twitter:data2\" content=\"6 minutes\" \/>\n<script type=\"application\/ld+json\" class=\"yoast-schema-graph\">{\"@context\":\"https:\\\/\\\/schema.org\",\"@graph\":[{\"@type\":\"Article\",\"@id\":\"https:\\\/\\\/core-way.de\\\/fuenf-ced-mythen-auf-dem-pruefstand-2\\\/#article\",\"isPartOf\":{\"@id\":\"https:\\\/\\\/core-way.de\\\/fuenf-ced-mythen-auf-dem-pruefstand-2\\\/\"},\"author\":{\"name\":\"Lisa Zirk\",\"@id\":\"https:\\\/\\\/core-way.de\\\/#\\\/schema\\\/person\\\/78677c6acef1977d3ce87622371b4197\"},\"headline\":\"F\u00fcnf CED-Mythen auf dem Pr\u00fcfstand\",\"datePublished\":\"2025-09-17T15:21:34+00:00\",\"dateModified\":\"2025-09-17T15:26:33+00:00\",\"mainEntityOfPage\":{\"@id\":\"https:\\\/\\\/core-way.de\\\/fuenf-ced-mythen-auf-dem-pruefstand-2\\\/\"},\"wordCount\":1039,\"commentCount\":0,\"publisher\":{\"@id\":\"https:\\\/\\\/core-way.de\\\/#organization\"},\"image\":{\"@id\":\"https:\\\/\\\/core-way.de\\\/fuenf-ced-mythen-auf-dem-pruefstand-2\\\/#primaryimage\"},\"thumbnailUrl\":\"https:\\\/\\\/core-way.de\\\/wp-content\\\/uploads\\\/2025\\\/09\\\/Bilder-Blogbeitraege-2.png\",\"articleSection\":[\"Alltag mit CED: Arbeit, Reisen, Stress &amp; Sport\",\"Deutsch\"],\"inLanguage\":\"fr-FR\",\"potentialAction\":[{\"@type\":\"CommentAction\",\"name\":\"Comment\",\"target\":[\"https:\\\/\\\/core-way.de\\\/fuenf-ced-mythen-auf-dem-pruefstand-2\\\/#respond\"]}]},{\"@type\":\"WebPage\",\"@id\":\"https:\\\/\\\/core-way.de\\\/fuenf-ced-mythen-auf-dem-pruefstand-2\\\/\",\"url\":\"https:\\\/\\\/core-way.de\\\/fuenf-ced-mythen-auf-dem-pruefstand-2\\\/\",\"name\":\"F\u00fcnf CED-Mythen auf dem Pr\u00fcfstand - coreway\",\"isPartOf\":{\"@id\":\"https:\\\/\\\/core-way.de\\\/#website\"},\"primaryImageOfPage\":{\"@id\":\"https:\\\/\\\/core-way.de\\\/fuenf-ced-mythen-auf-dem-pruefstand-2\\\/#primaryimage\"},\"image\":{\"@id\":\"https:\\\/\\\/core-way.de\\\/fuenf-ced-mythen-auf-dem-pruefstand-2\\\/#primaryimage\"},\"thumbnailUrl\":\"https:\\\/\\\/core-way.de\\\/wp-content\\\/uploads\\\/2025\\\/09\\\/Bilder-Blogbeitraege-2.png\",\"datePublished\":\"2025-09-17T15:21:34+00:00\",\"dateModified\":\"2025-09-17T15:26:33+00:00\",\"breadcrumb\":{\"@id\":\"https:\\\/\\\/core-way.de\\\/fuenf-ced-mythen-auf-dem-pruefstand-2\\\/#breadcrumb\"},\"inLanguage\":\"fr-FR\",\"potentialAction\":[{\"@type\":\"ReadAction\",\"target\":[\"https:\\\/\\\/core-way.de\\\/fuenf-ced-mythen-auf-dem-pruefstand-2\\\/\"]}]},{\"@type\":\"ImageObject\",\"inLanguage\":\"fr-FR\",\"@id\":\"https:\\\/\\\/core-way.de\\\/fuenf-ced-mythen-auf-dem-pruefstand-2\\\/#primaryimage\",\"url\":\"https:\\\/\\\/core-way.de\\\/wp-content\\\/uploads\\\/2025\\\/09\\\/Bilder-Blogbeitraege-2.png\",\"contentUrl\":\"https:\\\/\\\/core-way.de\\\/wp-content\\\/uploads\\\/2025\\\/09\\\/Bilder-Blogbeitraege-2.png\",\"width\":1366,\"height\":768},{\"@type\":\"BreadcrumbList\",\"@id\":\"https:\\\/\\\/core-way.de\\\/fuenf-ced-mythen-auf-dem-pruefstand-2\\\/#breadcrumb\",\"itemListElement\":[{\"@type\":\"ListItem\",\"position\":1,\"name\":\"Home\",\"item\":\"https:\\\/\\\/core-way.de\\\/\"},{\"@type\":\"ListItem\",\"position\":2,\"name\":\"F\u00fcnf CED-Mythen auf dem Pr\u00fcfstand\"}]},{\"@type\":\"WebSite\",\"@id\":\"https:\\\/\\\/core-way.de\\\/#website\",\"url\":\"https:\\\/\\\/core-way.de\\\/\",\"name\":\"coreway\",\"description\":\"\",\"publisher\":{\"@id\":\"https:\\\/\\\/core-way.de\\\/#organization\"},\"potentialAction\":[{\"@type\":\"SearchAction\",\"target\":{\"@type\":\"EntryPoint\",\"urlTemplate\":\"https:\\\/\\\/core-way.de\\\/?s={search_term_string}\"},\"query-input\":{\"@type\":\"PropertyValueSpecification\",\"valueRequired\":true,\"valueName\":\"search_term_string\"}}],\"inLanguage\":\"fr-FR\"},{\"@type\":\"Organization\",\"@id\":\"https:\\\/\\\/core-way.de\\\/#organization\",\"name\":\"coreway\",\"url\":\"https:\\\/\\\/core-way.de\\\/\",\"logo\":{\"@type\":\"ImageObject\",\"inLanguage\":\"fr-FR\",\"@id\":\"https:\\\/\\\/core-way.de\\\/#\\\/schema\\\/logo\\\/image\\\/\",\"url\":\"https:\\\/\\\/core-way.de\\\/wp-content\\\/uploads\\\/2023\\\/09\\\/Black-And-White-Aesthetic-Minimalist-Modern-Simple-Typography-Coconut-Cosmetics-Logo-5.png\",\"contentUrl\":\"https:\\\/\\\/core-way.de\\\/wp-content\\\/uploads\\\/2023\\\/09\\\/Black-And-White-Aesthetic-Minimalist-Modern-Simple-Typography-Coconut-Cosmetics-Logo-5.png\",\"width\":500,\"height\":500,\"caption\":\"coreway\"},\"image\":{\"@id\":\"https:\\\/\\\/core-way.de\\\/#\\\/schema\\\/logo\\\/image\\\/\"},\"sameAs\":[\"https:\\\/\\\/www.instagram.com\\\/core.way\\\/\",\"https:\\\/\\\/www.linkedin.com\\\/company\\\/92284357\"]},{\"@type\":\"Person\",\"@id\":\"https:\\\/\\\/core-way.de\\\/#\\\/schema\\\/person\\\/78677c6acef1977d3ce87622371b4197\",\"name\":\"Lisa Zirk\",\"image\":{\"@type\":\"ImageObject\",\"inLanguage\":\"fr-FR\",\"@id\":\"https:\\\/\\\/secure.gravatar.com\\\/avatar\\\/9712eda53164fc3e43fdc8d3c238b84126c15ecfd6e9e741483ec3dfba2e7b9c?s=96&#038;d=mm&#038;r=g\",\"url\":\"https:\\\/\\\/secure.gravatar.com\\\/avatar\\\/9712eda53164fc3e43fdc8d3c238b84126c15ecfd6e9e741483ec3dfba2e7b9c?s=96&#038;d=mm&#038;r=g\",\"contentUrl\":\"https:\\\/\\\/secure.gravatar.com\\\/avatar\\\/9712eda53164fc3e43fdc8d3c238b84126c15ecfd6e9e741483ec3dfba2e7b9c?s=96&#038;d=mm&#038;r=g\",\"caption\":\"Lisa Zirk\"},\"url\":\"https:\\\/\\\/core-way.de\\\/fr\\\/author\\\/lisa-zirk\\\/\"}]}<\/script>\n<!-- \/ Yoast SEO plugin. -->","yoast_head_json":{"title":"F\u00fcnf CED-Mythen auf dem Pr\u00fcfstand - coreway","robots":{"index":"index","follow":"follow","max-snippet":"max-snippet:-1","max-image-preview":"max-image-preview:large","max-video-preview":"max-video-preview:-1"},"canonical":"https:\/\/core-way.de\/fr\/fuenf-ced-mythen-auf-dem-pruefstand-2\/","og_locale":"fr_FR","og_type":"article","og_title":"F\u00fcnf CED-Mythen auf dem Pr\u00fcfstand - coreway","og_description":"F\u00fcnf CED-Mythen auf dem Pr\u00fcfstand Menschen mit einer chronisch-entz\u00fcndlichen Darmerkrankung m\u00fcssen neben den k\u00f6rperlichen Beschwerden oftmals auch mit den Vorurteilen [&hellip;]","og_url":"https:\/\/core-way.de\/fr\/fuenf-ced-mythen-auf-dem-pruefstand-2\/","og_site_name":"coreway","article_published_time":"2025-09-17T15:21:34+00:00","article_modified_time":"2025-09-17T15:26:33+00:00","og_image":[{"width":1366,"height":768,"url":"https:\/\/core-way.de\/wp-content\/uploads\/2025\/09\/Bilder-Blogbeitraege-2.png","type":"image\/png"}],"author":"Lisa Zirk","twitter_card":"summary_large_image","twitter_misc":{"\u00c9crit par":"Lisa Zirk","Dur\u00e9e de lecture estim\u00e9e":"6 minutes"},"schema":{"@context":"https:\/\/schema.org","@graph":[{"@type":"Article","@id":"https:\/\/core-way.de\/fuenf-ced-mythen-auf-dem-pruefstand-2\/#article","isPartOf":{"@id":"https:\/\/core-way.de\/fuenf-ced-mythen-auf-dem-pruefstand-2\/"},"author":{"name":"Lisa Zirk","@id":"https:\/\/core-way.de\/#\/schema\/person\/78677c6acef1977d3ce87622371b4197"},"headline":"F\u00fcnf CED-Mythen auf dem Pr\u00fcfstand","datePublished":"2025-09-17T15:21:34+00:00","dateModified":"2025-09-17T15:26:33+00:00","mainEntityOfPage":{"@id":"https:\/\/core-way.de\/fuenf-ced-mythen-auf-dem-pruefstand-2\/"},"wordCount":1039,"commentCount":0,"publisher":{"@id":"https:\/\/core-way.de\/#organization"},"image":{"@id":"https:\/\/core-way.de\/fuenf-ced-mythen-auf-dem-pruefstand-2\/#primaryimage"},"thumbnailUrl":"https:\/\/core-way.de\/wp-content\/uploads\/2025\/09\/Bilder-Blogbeitraege-2.png","articleSection":["Alltag mit CED: Arbeit, Reisen, Stress &amp; Sport","Deutsch"],"inLanguage":"fr-FR","potentialAction":[{"@type":"CommentAction","name":"Comment","target":["https:\/\/core-way.de\/fuenf-ced-mythen-auf-dem-pruefstand-2\/#respond"]}]},{"@type":"WebPage","@id":"https:\/\/core-way.de\/fuenf-ced-mythen-auf-dem-pruefstand-2\/","url":"https:\/\/core-way.de\/fuenf-ced-mythen-auf-dem-pruefstand-2\/","name":"F\u00fcnf CED-Mythen auf dem Pr\u00fcfstand - coreway","isPartOf":{"@id":"https:\/\/core-way.de\/#website"},"primaryImageOfPage":{"@id":"https:\/\/core-way.de\/fuenf-ced-mythen-auf-dem-pruefstand-2\/#primaryimage"},"image":{"@id":"https:\/\/core-way.de\/fuenf-ced-mythen-auf-dem-pruefstand-2\/#primaryimage"},"thumbnailUrl":"https:\/\/core-way.de\/wp-content\/uploads\/2025\/09\/Bilder-Blogbeitraege-2.png","datePublished":"2025-09-17T15:21:34+00:00","dateModified":"2025-09-17T15:26:33+00:00","breadcrumb":{"@id":"https:\/\/core-way.de\/fuenf-ced-mythen-auf-dem-pruefstand-2\/#breadcrumb"},"inLanguage":"fr-FR","potentialAction":[{"@type":"ReadAction","target":["https:\/\/core-way.de\/fuenf-ced-mythen-auf-dem-pruefstand-2\/"]}]},{"@type":"ImageObject","inLanguage":"fr-FR","@id":"https:\/\/core-way.de\/fuenf-ced-mythen-auf-dem-pruefstand-2\/#primaryimage","url":"https:\/\/core-way.de\/wp-content\/uploads\/2025\/09\/Bilder-Blogbeitraege-2.png","contentUrl":"https:\/\/core-way.de\/wp-content\/uploads\/2025\/09\/Bilder-Blogbeitraege-2.png","width":1366,"height":768},{"@type":"BreadcrumbList","@id":"https:\/\/core-way.de\/fuenf-ced-mythen-auf-dem-pruefstand-2\/#breadcrumb","itemListElement":[{"@type":"ListItem","position":1,"name":"Home","item":"https:\/\/core-way.de\/"},{"@type":"ListItem","position":2,"name":"F\u00fcnf CED-Mythen auf dem Pr\u00fcfstand"}]},{"@type":"WebSite","@id":"https:\/\/core-way.de\/#website","url":"https:\/\/core-way.de\/","name":"coreway","description":"","publisher":{"@id":"https:\/\/core-way.de\/#organization"},"potentialAction":[{"@type":"SearchAction","target":{"@type":"EntryPoint","urlTemplate":"https:\/\/core-way.de\/?s={search_term_string}"},"query-input":{"@type":"PropertyValueSpecification","valueRequired":true,"valueName":"search_term_string"}}],"inLanguage":"fr-FR"},{"@type":"Organization","@id":"https:\/\/core-way.de\/#organization","name":"coreway","url":"https:\/\/core-way.de\/","logo":{"@type":"ImageObject","inLanguage":"fr-FR","@id":"https:\/\/core-way.de\/#\/schema\/logo\/image\/","url":"https:\/\/core-way.de\/wp-content\/uploads\/2023\/09\/Black-And-White-Aesthetic-Minimalist-Modern-Simple-Typography-Coconut-Cosmetics-Logo-5.png","contentUrl":"https:\/\/core-way.de\/wp-content\/uploads\/2023\/09\/Black-And-White-Aesthetic-Minimalist-Modern-Simple-Typography-Coconut-Cosmetics-Logo-5.png","width":500,"height":500,"caption":"coreway"},"image":{"@id":"https:\/\/core-way.de\/#\/schema\/logo\/image\/"},"sameAs":["https:\/\/www.instagram.com\/core.way\/","https:\/\/www.linkedin.com\/company\/92284357"]},{"@type":"Person","@id":"https:\/\/core-way.de\/#\/schema\/person\/78677c6acef1977d3ce87622371b4197","name":"Lisa Zirk","image":{"@type":"ImageObject","inLanguage":"fr-FR","@id":"https:\/\/secure.gravatar.com\/avatar\/9712eda53164fc3e43fdc8d3c238b84126c15ecfd6e9e741483ec3dfba2e7b9c?s=96&#038;d=mm&#038;r=g","url":"https:\/\/secure.gravatar.com\/avatar\/9712eda53164fc3e43fdc8d3c238b84126c15ecfd6e9e741483ec3dfba2e7b9c?s=96&#038;d=mm&#038;r=g","contentUrl":"https:\/\/secure.gravatar.com\/avatar\/9712eda53164fc3e43fdc8d3c238b84126c15ecfd6e9e741483ec3dfba2e7b9c?s=96&#038;d=mm&#038;r=g","caption":"Lisa Zirk"},"url":"https:\/\/core-way.de\/fr\/author\/lisa-zirk\/"}]}},"uagb_featured_image_src":{"full":["https:\/\/core-way.de\/wp-content\/uploads\/2025\/09\/Bilder-Blogbeitraege-2.png",1366,768,false],"thumbnail":["https:\/\/core-way.de\/wp-content\/uploads\/2025\/09\/Bilder-Blogbeitraege-2-150x150.png",150,150,true],"medium":["https:\/\/core-way.de\/wp-content\/uploads\/2025\/09\/Bilder-Blogbeitraege-2-300x169.png",300,169,true],"medium_large":["https:\/\/core-way.de\/wp-content\/uploads\/2025\/09\/Bilder-Blogbeitraege-2-768x432.png",768,432,true],"large":["https:\/\/core-way.de\/wp-content\/uploads\/2025\/09\/Bilder-Blogbeitraege-2-1024x576.png",1024,576,true],"wpdr-feat-thumb":["https:\/\/core-way.de\/wp-content\/uploads\/2025\/09\/Bilder-Blogbeitraege-2-450x600.png",450,600,true],"delrecpe-structured-data-1_1":["https:\/\/core-way.de\/wp-content\/uploads\/2025\/09\/Bilder-Blogbeitraege-2-500x500.png",500,500,true],"delrecpe-structured-data-4_3":["https:\/\/core-way.de\/wp-content\/uploads\/2025\/09\/Bilder-Blogbeitraege-2-500x375.png",500,375,true],"delrecpe-structured-data-16_9":["https:\/\/core-way.de\/wp-content\/uploads\/2025\/09\/Bilder-Blogbeitraege-2-480x270.png",480,270,true],"1536x1536":["https:\/\/core-way.de\/wp-content\/uploads\/2025\/09\/Bilder-Blogbeitraege-2.png",1366,768,false],"2048x2048":["https:\/\/core-way.de\/wp-content\/uploads\/2025\/09\/Bilder-Blogbeitraege-2.png",1366,768,false],"trp-custom-language-flag":["https:\/\/core-way.de\/wp-content\/uploads\/2025\/09\/Bilder-Blogbeitraege-2-18x10.png",18,10,true],"bdpp-medium":["https:\/\/core-way.de\/wp-content\/uploads\/2025\/09\/Bilder-Blogbeitraege-2-640x480.png",640,480,true]},"uagb_author_info":{"display_name":"Lisa Zirk","author_link":"https:\/\/core-way.de\/fr\/author\/lisa-zirk\/"},"uagb_comment_info":0,"uagb_excerpt":"F\u00fcnf CED-Mythen auf dem Pr\u00fcfstand Menschen mit einer chronisch-entz\u00fcndlichen Darmerkrankung m\u00fcssen neben den k\u00f6rperlichen Beschwerden oftmals auch mit den Vorurteilen [&hellip;]","_links":{"self":[{"href":"https:\/\/core-way.de\/fr\/wp-json\/wp\/v2\/posts\/4268","targetHints":{"allow":["GET"]}}],"collection":[{"href":"https:\/\/core-way.de\/fr\/wp-json\/wp\/v2\/posts"}],"about":[{"href":"https:\/\/core-way.de\/fr\/wp-json\/wp\/v2\/types\/post"}],"author":[{"embeddable":true,"href":"https:\/\/core-way.de\/fr\/wp-json\/wp\/v2\/users\/8"}],"replies":[{"embeddable":true,"href":"https:\/\/core-way.de\/fr\/wp-json\/wp\/v2\/comments?post=4268"}],"version-history":[{"count":6,"href":"https:\/\/core-way.de\/fr\/wp-json\/wp\/v2\/posts\/4268\/revisions"}],"predecessor-version":[{"id":4401,"href":"https:\/\/core-way.de\/fr\/wp-json\/wp\/v2\/posts\/4268\/revisions\/4401"}],"wp:featuredmedia":[{"embeddable":true,"href":"https:\/\/core-way.de\/fr\/wp-json\/wp\/v2\/media\/4252"}],"wp:attachment":[{"href":"https:\/\/core-way.de\/fr\/wp-json\/wp\/v2\/media?parent=4268"}],"wp:term":[{"taxonomy":"category","embeddable":true,"href":"https:\/\/core-way.de\/fr\/wp-json\/wp\/v2\/categories?post=4268"},{"taxonomy":"post_tag","embeddable":true,"href":"https:\/\/core-way.de\/fr\/wp-json\/wp\/v2\/tags?post=4268"}],"curies":[{"name":"wp","href":"https:\/\/api.w.org\/{rel}","templated":true}]}}